{"id":12508,"date":"2018-03-28T00:00:00","date_gmt":"2018-03-27T23:00:00","guid":{"rendered":"https:\/\/soziolinguistika.eus\/2018\/03\/28\/leire-diaz-de-gerenuk-islrf-ren-jardunaldietan-parte-hartu-du-bretainian\/"},"modified":"2018-03-28T00:00:00","modified_gmt":"2018-03-27T23:00:00","slug":"leire-diaz-de-gerenuk-islrf-ren-jardunaldietan-parte-hartu-du-bretainian","status":"publish","type":"post","link":"https:\/\/soziolinguistika.eus\/en\/2018\/03\/28\/leire-diaz-de-gerenuk-islrf-ren-jardunaldietan-parte-hartu-du-bretainian\/","title":{"rendered":"Leire Diaz de Gere\u00f1uk ISLRF-ren jardunaldietan parte hartu du Bretainian"},"content":{"rendered":"<p>Estatu Frantsesean inmertsio bidez irakasten duten eskolen formazioa eta ikerketa bultzatzen duen ISLRFk (Institut Sup\u00e9rieur des langues de la R\u00e9publique Fran\u00e7aise) bi urtetik behin jardunaldiak antolatzen ditu. Aurten martxoaren 23 eta 24 bitartean Kemperren (Bretainian) burutu diren <a href=\"http:\/\/www.kelenn.fr\/index.php?lang=en\">jardunaldiek<\/a> esangura berezia izan dute, Diwan eskolen 40. urteurrenaren ospakizunen erdigune izan dira eta.<br \/>\n\t&nbsp;<\/p>\n<p><!--more--><\/p>\n<p><a class=\"colorbox colorbox-insert-image\" data-colorbox-gallery=\"gallery-all\" ref=\"magnificPopup\" href=\"https:\/\/soziolinguistika.eus\/wp-content\/uploads\/2018\/03\/img-20180324-wa0002.jpg\"><img loading=\"lazy\" decoding=\"async\" class=\" size-full wp-image-5272\" alt=\"\" class=\"image-large\" height=\"480\" src=\"https:\/\/soziolinguistika.eus\/wp-content\/uploads\/2018\/03\/img-20180324-wa0002.jpg\" width=\"360\" \/> <\/a><\/p>\n<p class=\"rtejustify\">Estatu Frantsesean inmertsio bidez irakasten duten eskolen formazioa eta ikerketa bultzatzen duen ISLRFk (Institut Sup\u00e9rieur des langues de la R\u00e9publique Fran\u00e7aise) bi urtetik behin jardunaldiak antolatzen ditu. Aurten martxoaren 23 eta 24 bitartean Kemperren (Bretainian) burutu diren <a href=\"http:\/\/www.kelenn.fr\/index.php?lang=en\">jardunaldiek<\/a> esangura berezia izan dute, Diwan eskolen 40. urteurrenaren ospakizunen erdigune izan dira eta. Zorionak gure aldetik Diwan eskolei!<\/p>\n<p class=\"rtejustify\">Leire Diaz de Gere\u00f1u EHUko ikerlariak <a href=\"https:\/\/soziolinguistika.eus\/node\/6485\">Berbekin<\/a> proiektuaren baitan burututako azpi-ikerketaren emaitzak aurkeztu zituen. Proiektu hau Soziolinguistika Klusterraren eta Euskal Herriko Unibertsitatearen artean ari da gauzatzen 2014tik. Hainbat ikastetxetan hizkuntza arlokoak ez diren bestelako ikasgaietan baliatzen diren materialak aztertu dira galdera honi erantzun nahian: erabiltzen ditugun testu-liburuek zenbat eta nola laguntzen dute ahozko hizkuntzaren erabileran eta lanketan? Kenperren egindako aurkezpena hizkuntza arlokoak ez diren irakasleez osatutako mintegian egin da, eta, Berbekin proiektuaren emaitzek harrera ezin hobea izan du.<\/p>\n<p class=\"rtejustify\">Hizkuntza gutxituen inmertsio bidezko pedagogia eta didaktikaren esparruetan egin diren aurrerapenez gain, jardunaldietan Diwanetako ikasle eta ikasle ohien hizkuntza jarrerak sakon lantzeko aukera izan dela azpimarratu behar da. Gazteak izan dira protagonista jardunaldiei amaiera eman dion mahai-inguruan, hizkuntzarekiko dituzten jarrera eta praktikak mintzagai zirela. Hala, irakasle, gazte eta adituen arteko eztabaida zolia eta aberasgarria izan da oso.<\/p>\n","protected":false},"excerpt":{"rendered":"<p>Estatu Frantsesean inmertsio bidez irakasten duten eskolen formazioa eta ikerketa bultzatzen duen ISLRFk (Institut Sup\u00e9rieur des langues de la R\u00e9publique Fran\u00e7aise) bi urtetik behin jardunaldiak antolatzen ditu. Aurten martxoaren 23 eta 24 bitartean Kemperren (Bretainian) burutu diren jardunaldiek esangura berezia izan dute, Diwan eskolen 40. urteurrenaren ospakizunen erdigune izan dira eta. &nbsp;<\/p>\n","protected":false},"author":1,"featured_media":10911,"comment_status":"open","ping_status":"open","sticky":false,"template":"","format":"standard","meta":{"_acf_changed":false,"footnotes":""},"categories":[],"tags":[],"class_list":["post-12508","post","type-post","status-publish","format-standard","has-post-thumbnail","hentry"],"acf":[],"yoast_head":"<!-- This site is optimized with the Yoast SEO plugin v27.3 - https:\/\/yoast.com\/product\/yoast-seo-wordpress\/ -->\n<title>Leire Diaz de Gere\u00f1uk ISLRF-ren jardunaldietan parte hartu du Bretainian - Soziolinguistika Klusterra<\/title>\n<meta name=\"robots\" content=\"index, follow, max-snippet:-1, max-image-preview:large, max-video-preview:-1\" \/>\n<link rel=\"canonical\" href=\"https:\/\/soziolinguistika.eus\/en\/2018\/03\/28\/leire-diaz-de-gerenuk-islrf-ren-jardunaldietan-parte-hartu-du-bretainian\/\" \/>\n<meta property=\"og:locale\" content=\"en_US\" \/>\n<meta property=\"og:type\" content=\"article\" \/>\n<meta property=\"og:title\" content=\"Leire Diaz de Gere\u00f1uk ISLRF-ren jardunaldietan parte hartu du Bretainian - Soziolinguistika Klusterra\" \/>\n<meta property=\"og:description\" content=\"Estatu Frantsesean inmertsio bidez irakasten duten eskolen formazioa eta ikerketa bultzatzen duen ISLRFk (Institut Sup\u00e9rieur des langues de la R\u00e9publique Fran\u00e7aise) bi urtetik behin jardunaldiak antolatzen ditu. Aurten martxoaren 23 eta 24 bitartean Kemperren (Bretainian) burutu diren jardunaldiek esangura berezia izan dute, Diwan eskolen 40. urteurrenaren ospakizunen erdigune izan dira eta. &nbsp;\" \/>\n<meta property=\"og:url\" content=\"https:\/\/soziolinguistika.eus\/en\/2018\/03\/28\/leire-diaz-de-gerenuk-islrf-ren-jardunaldietan-parte-hartu-du-bretainian\/\" \/>\n<meta property=\"og:site_name\" content=\"Soziolinguistika Klusterra\" \/>\n<meta property=\"article:published_time\" content=\"2018-03-27T23:00:00+00:00\" \/>\n<meta property=\"og:image\" content=\"https:\/\/soziolinguistika.eus\/wp-content\/uploads\/2018\/03\/img-20180324-wa0002.jpg\" \/>\n\t<meta property=\"og:image:width\" content=\"360\" \/>\n\t<meta property=\"og:image:height\" content=\"480\" \/>\n\t<meta property=\"og:image:type\" content=\"image\/jpeg\" \/>\n<meta name=\"author\" content=\"iametza\" \/>\n<meta name=\"twitter:card\" content=\"summary_large_image\" \/>\n<meta name=\"twitter:label1\" content=\"Written by\" \/>\n\t<meta name=\"twitter:data1\" content=\"iametza\" \/>\n\t<meta name=\"twitter:label2\" content=\"Est. reading time\" \/>\n\t<meta name=\"twitter:data2\" content=\"1 minute\" \/>\n<script type=\"application\/ld+json\" class=\"yoast-schema-graph\">{\"@context\":\"https:\\\/\\\/schema.org\",\"@graph\":[{\"@type\":\"Article\",\"@id\":\"https:\\\/\\\/soziolinguistika.eus\\\/en\\\/2018\\\/03\\\/28\\\/leire-diaz-de-gerenuk-islrf-ren-jardunaldietan-parte-hartu-du-bretainian\\\/#article\",\"isPartOf\":{\"@id\":\"https:\\\/\\\/soziolinguistika.eus\\\/en\\\/2018\\\/03\\\/28\\\/leire-diaz-de-gerenuk-islrf-ren-jardunaldietan-parte-hartu-du-bretainian\\\/\"},\"author\":{\"name\":\"iametza\",\"@id\":\"https:\\\/\\\/soziolinguistika.eus\\\/en\\\/#\\\/schema\\\/person\\\/70ce1538f9076eebb62776b06a37778e\"},\"headline\":\"Leire Diaz de Gere\u00f1uk ISLRF-ren jardunaldietan parte hartu du Bretainian\",\"datePublished\":\"2018-03-27T23:00:00+00:00\",\"mainEntityOfPage\":{\"@id\":\"https:\\\/\\\/soziolinguistika.eus\\\/en\\\/2018\\\/03\\\/28\\\/leire-diaz-de-gerenuk-islrf-ren-jardunaldietan-parte-hartu-du-bretainian\\\/\"},\"wordCount\":255,\"commentCount\":0,\"image\":{\"@id\":\"https:\\\/\\\/soziolinguistika.eus\\\/en\\\/2018\\\/03\\\/28\\\/leire-diaz-de-gerenuk-islrf-ren-jardunaldietan-parte-hartu-du-bretainian\\\/#primaryimage\"},\"thumbnailUrl\":\"https:\\\/\\\/soziolinguistika.eus\\\/wp-content\\\/uploads\\\/2018\\\/03\\\/img-20180324-wa0002.jpg\",\"inLanguage\":\"en-US\",\"potentialAction\":[{\"@type\":\"CommentAction\",\"name\":\"Comment\",\"target\":[\"https:\\\/\\\/soziolinguistika.eus\\\/en\\\/2018\\\/03\\\/28\\\/leire-diaz-de-gerenuk-islrf-ren-jardunaldietan-parte-hartu-du-bretainian\\\/#respond\"]}]},{\"@type\":\"WebPage\",\"@id\":\"https:\\\/\\\/soziolinguistika.eus\\\/en\\\/2018\\\/03\\\/28\\\/leire-diaz-de-gerenuk-islrf-ren-jardunaldietan-parte-hartu-du-bretainian\\\/\",\"url\":\"https:\\\/\\\/soziolinguistika.eus\\\/en\\\/2018\\\/03\\\/28\\\/leire-diaz-de-gerenuk-islrf-ren-jardunaldietan-parte-hartu-du-bretainian\\\/\",\"name\":\"Leire Diaz de Gere\u00f1uk ISLRF-ren jardunaldietan parte hartu du Bretainian - Soziolinguistika Klusterra\",\"isPartOf\":{\"@id\":\"https:\\\/\\\/soziolinguistika.eus\\\/en\\\/#website\"},\"primaryImageOfPage\":{\"@id\":\"https:\\\/\\\/soziolinguistika.eus\\\/en\\\/2018\\\/03\\\/28\\\/leire-diaz-de-gerenuk-islrf-ren-jardunaldietan-parte-hartu-du-bretainian\\\/#primaryimage\"},\"image\":{\"@id\":\"https:\\\/\\\/soziolinguistika.eus\\\/en\\\/2018\\\/03\\\/28\\\/leire-diaz-de-gerenuk-islrf-ren-jardunaldietan-parte-hartu-du-bretainian\\\/#primaryimage\"},\"thumbnailUrl\":\"https:\\\/\\\/soziolinguistika.eus\\\/wp-content\\\/uploads\\\/2018\\\/03\\\/img-20180324-wa0002.jpg\",\"datePublished\":\"2018-03-27T23:00:00+00:00\",\"author\":{\"@id\":\"https:\\\/\\\/soziolinguistika.eus\\\/en\\\/#\\\/schema\\\/person\\\/70ce1538f9076eebb62776b06a37778e\"},\"breadcrumb\":{\"@id\":\"https:\\\/\\\/soziolinguistika.eus\\\/en\\\/2018\\\/03\\\/28\\\/leire-diaz-de-gerenuk-islrf-ren-jardunaldietan-parte-hartu-du-bretainian\\\/#breadcrumb\"},\"inLanguage\":\"en-US\",\"potentialAction\":[{\"@type\":\"ReadAction\",\"target\":[\"https:\\\/\\\/soziolinguistika.eus\\\/en\\\/2018\\\/03\\\/28\\\/leire-diaz-de-gerenuk-islrf-ren-jardunaldietan-parte-hartu-du-bretainian\\\/\"]}]},{\"@type\":\"ImageObject\",\"inLanguage\":\"en-US\",\"@id\":\"https:\\\/\\\/soziolinguistika.eus\\\/en\\\/2018\\\/03\\\/28\\\/leire-diaz-de-gerenuk-islrf-ren-jardunaldietan-parte-hartu-du-bretainian\\\/#primaryimage\",\"url\":\"https:\\\/\\\/soziolinguistika.eus\\\/wp-content\\\/uploads\\\/2018\\\/03\\\/img-20180324-wa0002.jpg\",\"contentUrl\":\"https:\\\/\\\/soziolinguistika.eus\\\/wp-content\\\/uploads\\\/2018\\\/03\\\/img-20180324-wa0002.jpg\",\"width\":360,\"height\":480},{\"@type\":\"BreadcrumbList\",\"@id\":\"https:\\\/\\\/soziolinguistika.eus\\\/en\\\/2018\\\/03\\\/28\\\/leire-diaz-de-gerenuk-islrf-ren-jardunaldietan-parte-hartu-du-bretainian\\\/#breadcrumb\",\"itemListElement\":[{\"@type\":\"ListItem\",\"position\":1,\"name\":\"Soziolinguistika klusterra\",\"item\":\"https:\\\/\\\/soziolinguistika.eus\\\/en\\\/\"},{\"@type\":\"ListItem\",\"position\":2,\"name\":\"Leire Diaz de Gere\u00f1uk ISLRF-ren jardunaldietan parte hartu du Bretainian\"}]},{\"@type\":\"WebSite\",\"@id\":\"https:\\\/\\\/soziolinguistika.eus\\\/en\\\/#website\",\"url\":\"https:\\\/\\\/soziolinguistika.eus\\\/en\\\/\",\"name\":\"Soziolinguistika Klusterra\",\"description\":\"Euskara biziberritzeko ikergunea\",\"potentialAction\":[{\"@type\":\"SearchAction\",\"target\":{\"@type\":\"EntryPoint\",\"urlTemplate\":\"https:\\\/\\\/soziolinguistika.eus\\\/en\\\/?s={search_term_string}\"},\"query-input\":{\"@type\":\"PropertyValueSpecification\",\"valueRequired\":true,\"valueName\":\"search_term_string\"}}],\"inLanguage\":\"en-US\"},{\"@type\":\"Person\",\"@id\":\"https:\\\/\\\/soziolinguistika.eus\\\/en\\\/#\\\/schema\\\/person\\\/70ce1538f9076eebb62776b06a37778e\",\"name\":\"iametza\",\"image\":{\"@type\":\"ImageObject\",\"inLanguage\":\"en-US\",\"@id\":\"https:\\\/\\\/secure.gravatar.com\\\/avatar\\\/d540deee73a89d6d724e7b25b2527e1e2122a11cbb7d772df60255f40a336172?s=96&d=mm&r=g\",\"url\":\"https:\\\/\\\/secure.gravatar.com\\\/avatar\\\/d540deee73a89d6d724e7b25b2527e1e2122a11cbb7d772df60255f40a336172?s=96&d=mm&r=g\",\"contentUrl\":\"https:\\\/\\\/secure.gravatar.com\\\/avatar\\\/d540deee73a89d6d724e7b25b2527e1e2122a11cbb7d772df60255f40a336172?s=96&d=mm&r=g\",\"caption\":\"iametza\"},\"url\":\"https:\\\/\\\/soziolinguistika.eus\\\/en\\\/author\\\/iametza\\\/\"}]}<\/script>\n<!-- \/ Yoast SEO plugin. -->","yoast_head_json":{"title":"Leire Diaz de Gere\u00f1uk ISLRF-ren jardunaldietan parte hartu du Bretainian - Soziolinguistika Klusterra","robots":{"index":"index","follow":"follow","max-snippet":"max-snippet:-1","max-image-preview":"max-image-preview:large","max-video-preview":"max-video-preview:-1"},"canonical":"https:\/\/soziolinguistika.eus\/en\/2018\/03\/28\/leire-diaz-de-gerenuk-islrf-ren-jardunaldietan-parte-hartu-du-bretainian\/","og_locale":"en_US","og_type":"article","og_title":"Leire Diaz de Gere\u00f1uk ISLRF-ren jardunaldietan parte hartu du Bretainian - Soziolinguistika Klusterra","og_description":"Estatu Frantsesean inmertsio bidez irakasten duten eskolen formazioa eta ikerketa bultzatzen duen ISLRFk (Institut Sup\u00e9rieur des langues de la R\u00e9publique Fran\u00e7aise) bi urtetik behin jardunaldiak antolatzen ditu. Aurten martxoaren 23 eta 24 bitartean Kemperren (Bretainian) burutu diren jardunaldiek esangura berezia izan dute, Diwan eskolen 40. urteurrenaren ospakizunen erdigune izan dira eta. &nbsp;","og_url":"https:\/\/soziolinguistika.eus\/en\/2018\/03\/28\/leire-diaz-de-gerenuk-islrf-ren-jardunaldietan-parte-hartu-du-bretainian\/","og_site_name":"Soziolinguistika Klusterra","article_published_time":"2018-03-27T23:00:00+00:00","og_image":[{"width":360,"height":480,"url":"https:\/\/soziolinguistika.eus\/wp-content\/uploads\/2018\/03\/img-20180324-wa0002.jpg","type":"image\/jpeg"}],"author":"iametza","twitter_card":"summary_large_image","twitter_misc":{"Written by":"iametza","Est. reading time":"1 minute"},"schema":{"@context":"https:\/\/schema.org","@graph":[{"@type":"Article","@id":"https:\/\/soziolinguistika.eus\/en\/2018\/03\/28\/leire-diaz-de-gerenuk-islrf-ren-jardunaldietan-parte-hartu-du-bretainian\/#article","isPartOf":{"@id":"https:\/\/soziolinguistika.eus\/en\/2018\/03\/28\/leire-diaz-de-gerenuk-islrf-ren-jardunaldietan-parte-hartu-du-bretainian\/"},"author":{"name":"iametza","@id":"https:\/\/soziolinguistika.eus\/en\/#\/schema\/person\/70ce1538f9076eebb62776b06a37778e"},"headline":"Leire Diaz de Gere\u00f1uk ISLRF-ren jardunaldietan parte hartu du Bretainian","datePublished":"2018-03-27T23:00:00+00:00","mainEntityOfPage":{"@id":"https:\/\/soziolinguistika.eus\/en\/2018\/03\/28\/leire-diaz-de-gerenuk-islrf-ren-jardunaldietan-parte-hartu-du-bretainian\/"},"wordCount":255,"commentCount":0,"image":{"@id":"https:\/\/soziolinguistika.eus\/en\/2018\/03\/28\/leire-diaz-de-gerenuk-islrf-ren-jardunaldietan-parte-hartu-du-bretainian\/#primaryimage"},"thumbnailUrl":"https:\/\/soziolinguistika.eus\/wp-content\/uploads\/2018\/03\/img-20180324-wa0002.jpg","inLanguage":"en-US","potentialAction":[{"@type":"CommentAction","name":"Comment","target":["https:\/\/soziolinguistika.eus\/en\/2018\/03\/28\/leire-diaz-de-gerenuk-islrf-ren-jardunaldietan-parte-hartu-du-bretainian\/#respond"]}]},{"@type":"WebPage","@id":"https:\/\/soziolinguistika.eus\/en\/2018\/03\/28\/leire-diaz-de-gerenuk-islrf-ren-jardunaldietan-parte-hartu-du-bretainian\/","url":"https:\/\/soziolinguistika.eus\/en\/2018\/03\/28\/leire-diaz-de-gerenuk-islrf-ren-jardunaldietan-parte-hartu-du-bretainian\/","name":"Leire Diaz de Gere\u00f1uk ISLRF-ren jardunaldietan parte hartu du Bretainian - Soziolinguistika Klusterra","isPartOf":{"@id":"https:\/\/soziolinguistika.eus\/en\/#website"},"primaryImageOfPage":{"@id":"https:\/\/soziolinguistika.eus\/en\/2018\/03\/28\/leire-diaz-de-gerenuk-islrf-ren-jardunaldietan-parte-hartu-du-bretainian\/#primaryimage"},"image":{"@id":"https:\/\/soziolinguistika.eus\/en\/2018\/03\/28\/leire-diaz-de-gerenuk-islrf-ren-jardunaldietan-parte-hartu-du-bretainian\/#primaryimage"},"thumbnailUrl":"https:\/\/soziolinguistika.eus\/wp-content\/uploads\/2018\/03\/img-20180324-wa0002.jpg","datePublished":"2018-03-27T23:00:00+00:00","author":{"@id":"https:\/\/soziolinguistika.eus\/en\/#\/schema\/person\/70ce1538f9076eebb62776b06a37778e"},"breadcrumb":{"@id":"https:\/\/soziolinguistika.eus\/en\/2018\/03\/28\/leire-diaz-de-gerenuk-islrf-ren-jardunaldietan-parte-hartu-du-bretainian\/#breadcrumb"},"inLanguage":"en-US","potentialAction":[{"@type":"ReadAction","target":["https:\/\/soziolinguistika.eus\/en\/2018\/03\/28\/leire-diaz-de-gerenuk-islrf-ren-jardunaldietan-parte-hartu-du-bretainian\/"]}]},{"@type":"ImageObject","inLanguage":"en-US","@id":"https:\/\/soziolinguistika.eus\/en\/2018\/03\/28\/leire-diaz-de-gerenuk-islrf-ren-jardunaldietan-parte-hartu-du-bretainian\/#primaryimage","url":"https:\/\/soziolinguistika.eus\/wp-content\/uploads\/2018\/03\/img-20180324-wa0002.jpg","contentUrl":"https:\/\/soziolinguistika.eus\/wp-content\/uploads\/2018\/03\/img-20180324-wa0002.jpg","width":360,"height":480},{"@type":"BreadcrumbList","@id":"https:\/\/soziolinguistika.eus\/en\/2018\/03\/28\/leire-diaz-de-gerenuk-islrf-ren-jardunaldietan-parte-hartu-du-bretainian\/#breadcrumb","itemListElement":[{"@type":"ListItem","position":1,"name":"Soziolinguistika klusterra","item":"https:\/\/soziolinguistika.eus\/en\/"},{"@type":"ListItem","position":2,"name":"Leire Diaz de Gere\u00f1uk ISLRF-ren jardunaldietan parte hartu du Bretainian"}]},{"@type":"WebSite","@id":"https:\/\/soziolinguistika.eus\/en\/#website","url":"https:\/\/soziolinguistika.eus\/en\/","name":"Soziolinguistika Klusterra","description":"Euskara biziberritzeko ikergunea","potentialAction":[{"@type":"SearchAction","target":{"@type":"EntryPoint","urlTemplate":"https:\/\/soziolinguistika.eus\/en\/?s={search_term_string}"},"query-input":{"@type":"PropertyValueSpecification","valueRequired":true,"valueName":"search_term_string"}}],"inLanguage":"en-US"},{"@type":"Person","@id":"https:\/\/soziolinguistika.eus\/en\/#\/schema\/person\/70ce1538f9076eebb62776b06a37778e","name":"iametza","image":{"@type":"ImageObject","inLanguage":"en-US","@id":"https:\/\/secure.gravatar.com\/avatar\/d540deee73a89d6d724e7b25b2527e1e2122a11cbb7d772df60255f40a336172?s=96&d=mm&r=g","url":"https:\/\/secure.gravatar.com\/avatar\/d540deee73a89d6d724e7b25b2527e1e2122a11cbb7d772df60255f40a336172?s=96&d=mm&r=g","contentUrl":"https:\/\/secure.gravatar.com\/avatar\/d540deee73a89d6d724e7b25b2527e1e2122a11cbb7d772df60255f40a336172?s=96&d=mm&r=g","caption":"iametza"},"url":"https:\/\/soziolinguistika.eus\/en\/author\/iametza\/"}]}},"_links":{"self":[{"href":"https:\/\/soziolinguistika.eus\/en\/wp-json\/wp\/v2\/posts\/12508","targetHints":{"allow":["GET"]}}],"collection":[{"href":"https:\/\/soziolinguistika.eus\/en\/wp-json\/wp\/v2\/posts"}],"about":[{"href":"https:\/\/soziolinguistika.eus\/en\/wp-json\/wp\/v2\/types\/post"}],"author":[{"embeddable":true,"href":"https:\/\/soziolinguistika.eus\/en\/wp-json\/wp\/v2\/users\/1"}],"replies":[{"embeddable":true,"href":"https:\/\/soziolinguistika.eus\/en\/wp-json\/wp\/v2\/comments?post=12508"}],"version-history":[{"count":0,"href":"https:\/\/soziolinguistika.eus\/en\/wp-json\/wp\/v2\/posts\/12508\/revisions"}],"wp:featuredmedia":[{"embeddable":true,"href":"https:\/\/soziolinguistika.eus\/en\/wp-json\/wp\/v2\/media\/10911"}],"wp:attachment":[{"href":"https:\/\/soziolinguistika.eus\/en\/wp-json\/wp\/v2\/media?parent=12508"}],"wp:term":[{"taxonomy":"category","embeddable":true,"href":"https:\/\/soziolinguistika.eus\/en\/wp-json\/wp\/v2\/categories?post=12508"},{"taxonomy":"post_tag","embeddable":true,"href":"https:\/\/soziolinguistika.eus\/en\/wp-json\/wp\/v2\/tags?post=12508"}],"curies":[{"name":"wp","href":"https:\/\/api.w.org\/{rel}","templated":true}]}}