{"id":12290,"date":"2013-11-27T00:00:00","date_gmt":"2013-11-26T23:00:00","guid":{"rendered":"https:\/\/soziolinguistika.eus\/2013\/11\/27\/jardunaldia-eta-lankidetza-hitzarmena-xarxa-cruscat-institut-destudis-catalans-ekin\/"},"modified":"2013-11-27T00:00:00","modified_gmt":"2013-11-26T23:00:00","slug":"jardunaldia-eta-lankidetza-hitzarmena-xarxa-cruscat-institut-destudis-catalans-ekin","status":"publish","type":"post","link":"https:\/\/soziolinguistika.eus\/es\/2013\/11\/27\/jardunaldia-eta-lankidetza-hitzarmena-xarxa-cruscat-institut-destudis-catalans-ekin\/","title":{"rendered":"Jardunaldia eta lankidetza hitzarmena Xarxa CRUSCAT &#8211; Institut d&#8217;Estudis Catalans-ekin"},"content":{"rendered":"<p>Abenduaren 11n eta 12an Bartzelonan izango da <a href=\"https:\/\/soziolinguistika.eus\/\">Soziolinguistika Klusterra<\/a>, <a href=\"http:\/\/blogs.iec.cat\/cruscat\/\">Xarxa CRUSCAT<\/a> erakundeak antolatu duen \u201c<a href=\"http:\/\/blogs.iec.cat\/cruscat\/2013\/11\/20\/ii-jornades-la-recerca-sociolinguistica-en-lambit-de-la-llengua-catalana-2013\/\">La recerca socioling\u00fc\u00edstica en l\u2019\u00e0mbit de la llengua catalana<\/a>\u201d Jardunaldian parte hartzeko. Jardunaldi hori 2011n ospatu zen lehen aldiz eta aurtengoa da bigarren edizioa. Bi egunetako <a href=\"http:\/\/blogs.iec.cat\/cruscat\/wp-content\/uploads\/sites\/15\/2013\/10\/13-Jornada-XC-Programa.pdf\">egitaraua<\/a> osatu dute eta Jardunaldi horretan Katalunian egiten ari diren ikerketa soziolinguistikoen berri emango dute; dosi txikietan.<\/p>\n<p>&nbsp;<\/p>\n<p>Soziolinguistika Klusterrarentzat, besteak beste, hiru arrazoiengatik da interesgarria Jardunaldi hau:<\/p>\n<ul>\n<li>\n\t\tBatetik, Katalunian egiten ari diren ikerketa soziolinguistikoak ezagutzeko eta haietatik ikasteko.<\/li>\n<li>\n\t\tBestetik, Katalunian egiten diren ikerketen eta hemen egiten direnen artean lankidetza aukerak detektatzeko.<\/li>\n<li>\n\t\tAzkenik, Kataluniako ikerlariak, adituak eta ikerketa taldeak ezagutzeko.<\/li>\n<\/ul>\n<p>&nbsp;<\/p>\n<p>Jardunaldiko sarrera hitzaldia I\u00f1aki Martinez de Lunak emango du: \u201cLa socioling\u00fc\u00edstica del euskera: del movimiento social a la pr\u00e1ctica acad\u00e9mica\u201d. I\u00f1aki Martinez de Luna, soziolinguista ezaguna izateaz gain, <a href=\"https:\/\/soziolinguistika.eus\/bat\">Bat Soziolinguistika Aldizkariko<\/a> zuzendaria da egun.<\/p>\n<p>&nbsp;<\/p>\n<p>Abenduan argitaratuko den Bat Aldizkariaren 87-88 ale bikoitzean euskararen inguruko ikerketa soziolinguistikoen gaia landuko da. Lanketa hori baliatuz emango du sarrera hitzaldia I\u00f1aki Martinez de Lunak.<\/p>\n<p>&nbsp;<\/p>\n<p>Jardunaldi horren bueltan lankidetza hitzarmena sinatuko dute Soziolinguistika Klusterrak eta <a href=\"http:\/\/www.iec.cat\/activitats\/entrada.asp\">Institut d\u2019Estudis Catalans<\/a> erakundeak (Xarxa CRUSCAT Institut d\u2019Estadis Catalans erakundeko parte da). Bi erakundeen arteko lankidetzarako markoa zehazteaz gain elkarrekin proiektuak garatzeko asmoa islatuko du Lankidetza Hitzarmenak. Proiektu horiek hiru jardun eremu hauetan kokatuko dira:<\/p>\n<ul>\n<li>\n\t\tHezkuntza arloko soziolinguistika.<\/li>\n<li>\n\t\tSoziolinguistika ikerketa sareen eraketa.<\/li>\n<li>\n\t\tHizkuntza erabileren neurketarako metodologiak eta eredu teorikoak.<\/li>\n<\/ul>\n<p>Lankidetza Hitzarmen honek ezagutza soziolinguistikoa trukatzeko eta elkarrekin sortzeko borondateari erantzun nahi dio eta zalantzarik gabe, norabide horretan urrats sendoa izango da.<\/p>\n","protected":false},"excerpt":{"rendered":"<p>Abenduaren 11n eta 12an Bartzelonan izango da Soziolinguistika Klusterra, Xarxa CRUSCAT erakundeak antolatu duen \u201cLa recerca socioling\u00fc\u00edstica en l\u2019\u00e0mbit de la llengua catalana\u201d Jardunaldian parte hartzeko. Jardunaldi hori 2011n ospatu zen lehen aldiz eta aurtengoa da bigarren edizioa. Bi egunetako egitaraua osatu dute eta Jardunaldi horretan Katalunian egiten ari diren ikerketa soziolinguistikoen berri emango dute;&#8230;<\/p>\n","protected":false},"author":1,"featured_media":0,"comment_status":"open","ping_status":"open","sticky":false,"template":"","format":"standard","meta":{"_acf_changed":false,"footnotes":""},"categories":[],"tags":[],"class_list":["post-12290","post","type-post","status-publish","format-standard","hentry"],"acf":[],"yoast_head":"<!-- This site is optimized with the Yoast SEO plugin v27.3 - https:\/\/yoast.com\/product\/yoast-seo-wordpress\/ -->\n<title>Jardunaldia eta lankidetza hitzarmena Xarxa CRUSCAT - Institut d&#039;Estudis Catalans-ekin - Soziolinguistika Klusterra<\/title>\n<meta name=\"robots\" content=\"index, follow, max-snippet:-1, max-image-preview:large, max-video-preview:-1\" \/>\n<link rel=\"canonical\" href=\"https:\/\/soziolinguistika.eus\/es\/2013\/11\/27\/jardunaldia-eta-lankidetza-hitzarmena-xarxa-cruscat-institut-destudis-catalans-ekin\/\" \/>\n<meta property=\"og:locale\" content=\"es_ES\" \/>\n<meta property=\"og:type\" content=\"article\" \/>\n<meta property=\"og:title\" content=\"Jardunaldia eta lankidetza hitzarmena Xarxa CRUSCAT - Institut d&#039;Estudis Catalans-ekin - Soziolinguistika Klusterra\" \/>\n<meta property=\"og:description\" content=\"Abenduaren 11n eta 12an Bartzelonan izango da Soziolinguistika Klusterra, Xarxa CRUSCAT erakundeak antolatu duen \u201cLa recerca socioling\u00fc\u00edstica en l\u2019\u00e0mbit de la llengua catalana\u201d Jardunaldian parte hartzeko. Jardunaldi hori 2011n ospatu zen lehen aldiz eta aurtengoa da bigarren edizioa. Bi egunetako egitaraua osatu dute eta Jardunaldi horretan Katalunian egiten ari diren ikerketa soziolinguistikoen berri emango dute;...\" \/>\n<meta property=\"og:url\" content=\"https:\/\/soziolinguistika.eus\/es\/2013\/11\/27\/jardunaldia-eta-lankidetza-hitzarmena-xarxa-cruscat-institut-destudis-catalans-ekin\/\" \/>\n<meta property=\"og:site_name\" content=\"Soziolinguistika Klusterra\" \/>\n<meta property=\"article:published_time\" content=\"2013-11-26T23:00:00+00:00\" \/>\n<meta name=\"author\" content=\"iametza\" \/>\n<meta name=\"twitter:card\" content=\"summary_large_image\" \/>\n<meta name=\"twitter:label1\" content=\"Escrito por\" \/>\n\t<meta name=\"twitter:data1\" content=\"iametza\" \/>\n\t<meta name=\"twitter:label2\" content=\"Tiempo de lectura\" \/>\n\t<meta name=\"twitter:data2\" content=\"1 minuto\" \/>\n<script type=\"application\/ld+json\" class=\"yoast-schema-graph\">{\"@context\":\"https:\\\/\\\/schema.org\",\"@graph\":[{\"@type\":\"Article\",\"@id\":\"https:\\\/\\\/soziolinguistika.eus\\\/es\\\/2013\\\/11\\\/27\\\/jardunaldia-eta-lankidetza-hitzarmena-xarxa-cruscat-institut-destudis-catalans-ekin\\\/#article\",\"isPartOf\":{\"@id\":\"https:\\\/\\\/soziolinguistika.eus\\\/es\\\/2013\\\/11\\\/27\\\/jardunaldia-eta-lankidetza-hitzarmena-xarxa-cruscat-institut-destudis-catalans-ekin\\\/\"},\"author\":{\"name\":\"iametza\",\"@id\":\"https:\\\/\\\/soziolinguistika.eus\\\/es\\\/#\\\/schema\\\/person\\\/70ce1538f9076eebb62776b06a37778e\"},\"headline\":\"Jardunaldia eta lankidetza hitzarmena Xarxa CRUSCAT &#8211; Institut d&#8217;Estudis Catalans-ekin\",\"datePublished\":\"2013-11-26T23:00:00+00:00\",\"mainEntityOfPage\":{\"@id\":\"https:\\\/\\\/soziolinguistika.eus\\\/es\\\/2013\\\/11\\\/27\\\/jardunaldia-eta-lankidetza-hitzarmena-xarxa-cruscat-institut-destudis-catalans-ekin\\\/\"},\"wordCount\":265,\"commentCount\":0,\"inLanguage\":\"es\",\"potentialAction\":[{\"@type\":\"CommentAction\",\"name\":\"Comment\",\"target\":[\"https:\\\/\\\/soziolinguistika.eus\\\/es\\\/2013\\\/11\\\/27\\\/jardunaldia-eta-lankidetza-hitzarmena-xarxa-cruscat-institut-destudis-catalans-ekin\\\/#respond\"]}]},{\"@type\":\"WebPage\",\"@id\":\"https:\\\/\\\/soziolinguistika.eus\\\/es\\\/2013\\\/11\\\/27\\\/jardunaldia-eta-lankidetza-hitzarmena-xarxa-cruscat-institut-destudis-catalans-ekin\\\/\",\"url\":\"https:\\\/\\\/soziolinguistika.eus\\\/es\\\/2013\\\/11\\\/27\\\/jardunaldia-eta-lankidetza-hitzarmena-xarxa-cruscat-institut-destudis-catalans-ekin\\\/\",\"name\":\"Jardunaldia eta lankidetza hitzarmena Xarxa CRUSCAT - Institut d'Estudis Catalans-ekin - Soziolinguistika Klusterra\",\"isPartOf\":{\"@id\":\"https:\\\/\\\/soziolinguistika.eus\\\/es\\\/#website\"},\"datePublished\":\"2013-11-26T23:00:00+00:00\",\"author\":{\"@id\":\"https:\\\/\\\/soziolinguistika.eus\\\/es\\\/#\\\/schema\\\/person\\\/70ce1538f9076eebb62776b06a37778e\"},\"breadcrumb\":{\"@id\":\"https:\\\/\\\/soziolinguistika.eus\\\/es\\\/2013\\\/11\\\/27\\\/jardunaldia-eta-lankidetza-hitzarmena-xarxa-cruscat-institut-destudis-catalans-ekin\\\/#breadcrumb\"},\"inLanguage\":\"es\",\"potentialAction\":[{\"@type\":\"ReadAction\",\"target\":[\"https:\\\/\\\/soziolinguistika.eus\\\/es\\\/2013\\\/11\\\/27\\\/jardunaldia-eta-lankidetza-hitzarmena-xarxa-cruscat-institut-destudis-catalans-ekin\\\/\"]}]},{\"@type\":\"BreadcrumbList\",\"@id\":\"https:\\\/\\\/soziolinguistika.eus\\\/es\\\/2013\\\/11\\\/27\\\/jardunaldia-eta-lankidetza-hitzarmena-xarxa-cruscat-institut-destudis-catalans-ekin\\\/#breadcrumb\",\"itemListElement\":[{\"@type\":\"ListItem\",\"position\":1,\"name\":\"Soziolinguistika klusterra\",\"item\":\"https:\\\/\\\/soziolinguistika.eus\\\/es\\\/\"},{\"@type\":\"ListItem\",\"position\":2,\"name\":\"Jardunaldia eta lankidetza hitzarmena Xarxa CRUSCAT &#8211; Institut d&#8217;Estudis Catalans-ekin\"}]},{\"@type\":\"WebSite\",\"@id\":\"https:\\\/\\\/soziolinguistika.eus\\\/es\\\/#website\",\"url\":\"https:\\\/\\\/soziolinguistika.eus\\\/es\\\/\",\"name\":\"Soziolinguistika Klusterra\",\"description\":\"Euskara biziberritzeko ikergunea\",\"potentialAction\":[{\"@type\":\"SearchAction\",\"target\":{\"@type\":\"EntryPoint\",\"urlTemplate\":\"https:\\\/\\\/soziolinguistika.eus\\\/es\\\/?s={search_term_string}\"},\"query-input\":{\"@type\":\"PropertyValueSpecification\",\"valueRequired\":true,\"valueName\":\"search_term_string\"}}],\"inLanguage\":\"es\"},{\"@type\":\"Person\",\"@id\":\"https:\\\/\\\/soziolinguistika.eus\\\/es\\\/#\\\/schema\\\/person\\\/70ce1538f9076eebb62776b06a37778e\",\"name\":\"iametza\",\"image\":{\"@type\":\"ImageObject\",\"inLanguage\":\"es\",\"@id\":\"https:\\\/\\\/secure.gravatar.com\\\/avatar\\\/d540deee73a89d6d724e7b25b2527e1e2122a11cbb7d772df60255f40a336172?s=96&d=mm&r=g\",\"url\":\"https:\\\/\\\/secure.gravatar.com\\\/avatar\\\/d540deee73a89d6d724e7b25b2527e1e2122a11cbb7d772df60255f40a336172?s=96&d=mm&r=g\",\"contentUrl\":\"https:\\\/\\\/secure.gravatar.com\\\/avatar\\\/d540deee73a89d6d724e7b25b2527e1e2122a11cbb7d772df60255f40a336172?s=96&d=mm&r=g\",\"caption\":\"iametza\"},\"url\":\"https:\\\/\\\/soziolinguistika.eus\\\/es\\\/author\\\/iametza\\\/\"}]}<\/script>\n<!-- \/ Yoast SEO plugin. -->","yoast_head_json":{"title":"Jardunaldia eta lankidetza hitzarmena Xarxa CRUSCAT - Institut d'Estudis Catalans-ekin - Soziolinguistika Klusterra","robots":{"index":"index","follow":"follow","max-snippet":"max-snippet:-1","max-image-preview":"max-image-preview:large","max-video-preview":"max-video-preview:-1"},"canonical":"https:\/\/soziolinguistika.eus\/es\/2013\/11\/27\/jardunaldia-eta-lankidetza-hitzarmena-xarxa-cruscat-institut-destudis-catalans-ekin\/","og_locale":"es_ES","og_type":"article","og_title":"Jardunaldia eta lankidetza hitzarmena Xarxa CRUSCAT - Institut d'Estudis Catalans-ekin - Soziolinguistika Klusterra","og_description":"Abenduaren 11n eta 12an Bartzelonan izango da Soziolinguistika Klusterra, Xarxa CRUSCAT erakundeak antolatu duen \u201cLa recerca socioling\u00fc\u00edstica en l\u2019\u00e0mbit de la llengua catalana\u201d Jardunaldian parte hartzeko. Jardunaldi hori 2011n ospatu zen lehen aldiz eta aurtengoa da bigarren edizioa. Bi egunetako egitaraua osatu dute eta Jardunaldi horretan Katalunian egiten ari diren ikerketa soziolinguistikoen berri emango dute;...","og_url":"https:\/\/soziolinguistika.eus\/es\/2013\/11\/27\/jardunaldia-eta-lankidetza-hitzarmena-xarxa-cruscat-institut-destudis-catalans-ekin\/","og_site_name":"Soziolinguistika Klusterra","article_published_time":"2013-11-26T23:00:00+00:00","author":"iametza","twitter_card":"summary_large_image","twitter_misc":{"Escrito por":"iametza","Tiempo de lectura":"1 minuto"},"schema":{"@context":"https:\/\/schema.org","@graph":[{"@type":"Article","@id":"https:\/\/soziolinguistika.eus\/es\/2013\/11\/27\/jardunaldia-eta-lankidetza-hitzarmena-xarxa-cruscat-institut-destudis-catalans-ekin\/#article","isPartOf":{"@id":"https:\/\/soziolinguistika.eus\/es\/2013\/11\/27\/jardunaldia-eta-lankidetza-hitzarmena-xarxa-cruscat-institut-destudis-catalans-ekin\/"},"author":{"name":"iametza","@id":"https:\/\/soziolinguistika.eus\/es\/#\/schema\/person\/70ce1538f9076eebb62776b06a37778e"},"headline":"Jardunaldia eta lankidetza hitzarmena Xarxa CRUSCAT &#8211; Institut d&#8217;Estudis Catalans-ekin","datePublished":"2013-11-26T23:00:00+00:00","mainEntityOfPage":{"@id":"https:\/\/soziolinguistika.eus\/es\/2013\/11\/27\/jardunaldia-eta-lankidetza-hitzarmena-xarxa-cruscat-institut-destudis-catalans-ekin\/"},"wordCount":265,"commentCount":0,"inLanguage":"es","potentialAction":[{"@type":"CommentAction","name":"Comment","target":["https:\/\/soziolinguistika.eus\/es\/2013\/11\/27\/jardunaldia-eta-lankidetza-hitzarmena-xarxa-cruscat-institut-destudis-catalans-ekin\/#respond"]}]},{"@type":"WebPage","@id":"https:\/\/soziolinguistika.eus\/es\/2013\/11\/27\/jardunaldia-eta-lankidetza-hitzarmena-xarxa-cruscat-institut-destudis-catalans-ekin\/","url":"https:\/\/soziolinguistika.eus\/es\/2013\/11\/27\/jardunaldia-eta-lankidetza-hitzarmena-xarxa-cruscat-institut-destudis-catalans-ekin\/","name":"Jardunaldia eta lankidetza hitzarmena Xarxa CRUSCAT - Institut d'Estudis Catalans-ekin - Soziolinguistika Klusterra","isPartOf":{"@id":"https:\/\/soziolinguistika.eus\/es\/#website"},"datePublished":"2013-11-26T23:00:00+00:00","author":{"@id":"https:\/\/soziolinguistika.eus\/es\/#\/schema\/person\/70ce1538f9076eebb62776b06a37778e"},"breadcrumb":{"@id":"https:\/\/soziolinguistika.eus\/es\/2013\/11\/27\/jardunaldia-eta-lankidetza-hitzarmena-xarxa-cruscat-institut-destudis-catalans-ekin\/#breadcrumb"},"inLanguage":"es","potentialAction":[{"@type":"ReadAction","target":["https:\/\/soziolinguistika.eus\/es\/2013\/11\/27\/jardunaldia-eta-lankidetza-hitzarmena-xarxa-cruscat-institut-destudis-catalans-ekin\/"]}]},{"@type":"BreadcrumbList","@id":"https:\/\/soziolinguistika.eus\/es\/2013\/11\/27\/jardunaldia-eta-lankidetza-hitzarmena-xarxa-cruscat-institut-destudis-catalans-ekin\/#breadcrumb","itemListElement":[{"@type":"ListItem","position":1,"name":"Soziolinguistika klusterra","item":"https:\/\/soziolinguistika.eus\/es\/"},{"@type":"ListItem","position":2,"name":"Jardunaldia eta lankidetza hitzarmena Xarxa CRUSCAT &#8211; Institut d&#8217;Estudis Catalans-ekin"}]},{"@type":"WebSite","@id":"https:\/\/soziolinguistika.eus\/es\/#website","url":"https:\/\/soziolinguistika.eus\/es\/","name":"Soziolinguistika Klusterra","description":"Euskara biziberritzeko ikergunea","potentialAction":[{"@type":"SearchAction","target":{"@type":"EntryPoint","urlTemplate":"https:\/\/soziolinguistika.eus\/es\/?s={search_term_string}"},"query-input":{"@type":"PropertyValueSpecification","valueRequired":true,"valueName":"search_term_string"}}],"inLanguage":"es"},{"@type":"Person","@id":"https:\/\/soziolinguistika.eus\/es\/#\/schema\/person\/70ce1538f9076eebb62776b06a37778e","name":"iametza","image":{"@type":"ImageObject","inLanguage":"es","@id":"https:\/\/secure.gravatar.com\/avatar\/d540deee73a89d6d724e7b25b2527e1e2122a11cbb7d772df60255f40a336172?s=96&d=mm&r=g","url":"https:\/\/secure.gravatar.com\/avatar\/d540deee73a89d6d724e7b25b2527e1e2122a11cbb7d772df60255f40a336172?s=96&d=mm&r=g","contentUrl":"https:\/\/secure.gravatar.com\/avatar\/d540deee73a89d6d724e7b25b2527e1e2122a11cbb7d772df60255f40a336172?s=96&d=mm&r=g","caption":"iametza"},"url":"https:\/\/soziolinguistika.eus\/es\/author\/iametza\/"}]}},"_links":{"self":[{"href":"https:\/\/soziolinguistika.eus\/es\/wp-json\/wp\/v2\/posts\/12290","targetHints":{"allow":["GET"]}}],"collection":[{"href":"https:\/\/soziolinguistika.eus\/es\/wp-json\/wp\/v2\/posts"}],"about":[{"href":"https:\/\/soziolinguistika.eus\/es\/wp-json\/wp\/v2\/types\/post"}],"author":[{"embeddable":true,"href":"https:\/\/soziolinguistika.eus\/es\/wp-json\/wp\/v2\/users\/1"}],"replies":[{"embeddable":true,"href":"https:\/\/soziolinguistika.eus\/es\/wp-json\/wp\/v2\/comments?post=12290"}],"version-history":[{"count":0,"href":"https:\/\/soziolinguistika.eus\/es\/wp-json\/wp\/v2\/posts\/12290\/revisions"}],"wp:attachment":[{"href":"https:\/\/soziolinguistika.eus\/es\/wp-json\/wp\/v2\/media?parent=12290"}],"wp:term":[{"taxonomy":"category","embeddable":true,"href":"https:\/\/soziolinguistika.eus\/es\/wp-json\/wp\/v2\/categories?post=12290"},{"taxonomy":"post_tag","embeddable":true,"href":"https:\/\/soziolinguistika.eus\/es\/wp-json\/wp\/v2\/tags?post=12290"}],"curies":[{"name":"wp","href":"https:\/\/api.w.org\/{rel}","templated":true}]}}