{"id":12125,"date":"2010-12-23T00:00:00","date_gmt":"2010-12-22T23:00:00","guid":{"rendered":"https:\/\/soziolinguistika.eus\/2010\/12\/23\/altzako-euskararen-egoera-aztergai\/"},"modified":"2010-12-23T00:00:00","modified_gmt":"2010-12-22T23:00:00","slug":"altzako-euskararen-egoera-aztergai","status":"publish","type":"post","link":"https:\/\/soziolinguistika.eus\/fr\/2010\/12\/23\/altzako-euskararen-egoera-aztergai\/","title":{"rendered":"Altzako euskararen egoera aztergai"},"content":{"rendered":"<p><!DOCTYPE HTML PUBLIC \"-\/\/W3C\/\/DTD HTML 4.01 Transitional\/\/EN\"><br \/>\n<html><br \/>\n<head><br \/>\n<title>Documento sin t&iacute;tulo<\/title><br \/>\n<meta http-equiv=\"Content-Type\" content=\"text\/html; charset=iso-8859-1\"><br \/>\n<\/head><\/p>\n<p><body><\/p>\n<p align=\"justify\"><strong>Altzako euskararen egoera aztergai <\/strong><\/p>\n<p align=\"justify\">Bizarrain Kultur elkarteak antolatuta, eta &#8220;Altzan euskarak<br \/>\n  bizi duen egoera&#8221; izenpean, Gaindegiako Xabier Isasik eta Soziolinguistika<br \/>\n  Klusterreko Olatz Altunak hitzaldia eman zuten Altzako Tomasene kultur etxean.<br \/>\n  Lehenengoa, duela urte batzuk egindako prospekzioaren inguruan aritu zen, ezagutza<br \/>\n  mailaren inguruko datuen gainean, eta bigarrena aldiz kale erabileraren gainean,<br \/>\n  diagnosi orokor bat emanez. Lehenik Euskal Herri mailako datuekin hasi zen,<br \/>\n  ondoren Gipuzkoakoekin, gero Donostiakoekin eta azkenik Altzakoak azaldu zituen.<\/p>\n<p><!--more--><br \/>\n<!DOCTYPE HTML PUBLIC \"-\/\/W3C\/\/DTD HTML 4.01 Transitional\/\/EN\"><br \/>\n<html><br \/>\n<head><br \/>\n<title>Documento sin t&iacute;tulo<\/title><br \/>\n<meta http-equiv=\"Content-Type\" content=\"text\/html; charset=iso-8859-1\"><br \/>\n<\/head><\/p>\n<p><body><\/p>\n<p align=\"justify\"><strong>Altzako euskararen egoera aztergai <\/strong><\/p>\n<p align=\"justify\">Bizarrain Kultur elkarteak antolatuta, eta &#8220;Altzan euskarak<br \/>\n  bizi duen egoera&#8221; izenpean, Gaindegiako Xabier Isasik eta Soziolinguistika<br \/>\n  Klusterreko Olatz Altunak hitzaldia eman zuten Altzako Tomasene kultur etxean.<br \/>\n  Lehenengoa, duela urte batzuk egindako prospekzioaren inguruan aritu zen, ezagutza<br \/>\n  mailaren inguruko datuen gainean, eta bigarrena aldiz kale erabileraren gainean,<br \/>\n  diagnosi orokor bat emanez. Lehenik Euskal Herri mailako datuekin hasi zen,<br \/>\n  ondoren Gipuzkoakoekin, gero Donostiakoekin eta azkenik Altzakoak azaldu zituen.<\/p>\n<p align=\"justify\">Ideia bat nagusitzearren, Olatz Altunak kale erabilera mantendu<br \/>\n  egin dela azpimarratu du, izan ere, Altzan egindako azken bi neurketetan (2001ean<br \/>\n  eta 2006ean) erabilera maila %5ekoa izan da, hau da, entzundako ehun elkarrizketetatik<br \/>\n  bost izan dira euskaraz\n<\/p>\n<p align=\"justify\"><img decoding=\"async\" src=\"https:\/\/soziolinguistika.eus\/wp-content\/uploads\/2020\/02\/IMGP5099.gif\"> <\/p>\n<p>&nbsp; <\/p>\n<p><\/body><br \/>\n<\/html><\/p>\n","protected":false},"excerpt":{"rendered":"<p>Documento sin t&iacute;tulo Altzako euskararen egoera aztergai Bizarrain Kultur elkarteak antolatuta, eta &#8220;Altzan euskarak bizi duen egoera&#8221; izenpean, Gaindegiako Xabier Isasik eta Soziolinguistika Klusterreko Olatz Altunak hitzaldia eman zuten Altzako Tomasene kultur etxean. Lehenengoa, duela urte batzuk egindako prospekzioaren inguruan aritu zen, ezagutza mailaren inguruko datuen gainean, eta bigarrena aldiz kale erabileraren gainean, diagnosi orokor&#8230;<\/p>\n","protected":false},"author":1,"featured_media":12126,"comment_status":"open","ping_status":"open","sticky":false,"template":"","format":"standard","meta":{"_acf_changed":false,"footnotes":""},"categories":[],"tags":[],"class_list":["post-12125","post","type-post","status-publish","format-standard","has-post-thumbnail","hentry"],"acf":[],"yoast_head":"<!-- This site is optimized with the Yoast SEO plugin v27.3 - https:\/\/yoast.com\/product\/yoast-seo-wordpress\/ -->\n<title>Altzako euskararen egoera aztergai - Soziolinguistika Klusterra<\/title>\n<meta name=\"robots\" content=\"index, follow, max-snippet:-1, max-image-preview:large, max-video-preview:-1\" \/>\n<link rel=\"canonical\" href=\"https:\/\/soziolinguistika.eus\/fr\/2010\/12\/23\/altzako-euskararen-egoera-aztergai\/\" \/>\n<meta property=\"og:locale\" content=\"fr_FR\" \/>\n<meta property=\"og:type\" content=\"article\" \/>\n<meta property=\"og:title\" content=\"Altzako euskararen egoera aztergai - Soziolinguistika Klusterra\" \/>\n<meta property=\"og:description\" content=\"Documento sin t&iacute;tulo Altzako euskararen egoera aztergai Bizarrain Kultur elkarteak antolatuta, eta &#8220;Altzan euskarak bizi duen egoera&#8221; izenpean, Gaindegiako Xabier Isasik eta Soziolinguistika Klusterreko Olatz Altunak hitzaldia eman zuten Altzako Tomasene kultur etxean. Lehenengoa, duela urte batzuk egindako prospekzioaren inguruan aritu zen, ezagutza mailaren inguruko datuen gainean, eta bigarrena aldiz kale erabileraren gainean, diagnosi orokor...\" \/>\n<meta property=\"og:url\" content=\"https:\/\/soziolinguistika.eus\/fr\/2010\/12\/23\/altzako-euskararen-egoera-aztergai\/\" \/>\n<meta property=\"og:site_name\" content=\"Soziolinguistika Klusterra\" \/>\n<meta property=\"article:published_time\" content=\"2010-12-22T23:00:00+00:00\" \/>\n<meta property=\"og:image\" content=\"https:\/\/soziolinguistika.eus\/wp-content\/uploads\/2020\/02\/IMGP5099.gif\" \/>\n\t<meta property=\"og:image:width\" content=\"648\" \/>\n\t<meta property=\"og:image:height\" content=\"486\" \/>\n\t<meta property=\"og:image:type\" content=\"image\/gif\" \/>\n<meta name=\"author\" content=\"iametza\" \/>\n<meta name=\"twitter:card\" content=\"summary_large_image\" \/>\n<meta name=\"twitter:label1\" content=\"\u00c9crit par\" \/>\n\t<meta name=\"twitter:data1\" content=\"iametza\" \/>\n\t<meta name=\"twitter:label2\" content=\"Dur\u00e9e de lecture estim\u00e9e\" \/>\n\t<meta name=\"twitter:data2\" content=\"1 minute\" \/>\n<script type=\"application\/ld+json\" class=\"yoast-schema-graph\">{\"@context\":\"https:\\\/\\\/schema.org\",\"@graph\":[{\"@type\":\"Article\",\"@id\":\"https:\\\/\\\/soziolinguistika.eus\\\/fr\\\/2010\\\/12\\\/23\\\/altzako-euskararen-egoera-aztergai\\\/#article\",\"isPartOf\":{\"@id\":\"https:\\\/\\\/soziolinguistika.eus\\\/fr\\\/2010\\\/12\\\/23\\\/altzako-euskararen-egoera-aztergai\\\/\"},\"author\":{\"name\":\"iametza\",\"@id\":\"https:\\\/\\\/soziolinguistika.eus\\\/fr\\\/#\\\/schema\\\/person\\\/70ce1538f9076eebb62776b06a37778e\"},\"headline\":\"Altzako euskararen egoera aztergai\",\"datePublished\":\"2010-12-22T23:00:00+00:00\",\"mainEntityOfPage\":{\"@id\":\"https:\\\/\\\/soziolinguistika.eus\\\/fr\\\/2010\\\/12\\\/23\\\/altzako-euskararen-egoera-aztergai\\\/\"},\"wordCount\":191,\"commentCount\":0,\"image\":{\"@id\":\"https:\\\/\\\/soziolinguistika.eus\\\/fr\\\/2010\\\/12\\\/23\\\/altzako-euskararen-egoera-aztergai\\\/#primaryimage\"},\"thumbnailUrl\":\"https:\\\/\\\/soziolinguistika.eus\\\/wp-content\\\/uploads\\\/2020\\\/02\\\/IMGP5099.gif\",\"inLanguage\":\"fr-FR\",\"potentialAction\":[{\"@type\":\"CommentAction\",\"name\":\"Comment\",\"target\":[\"https:\\\/\\\/soziolinguistika.eus\\\/fr\\\/2010\\\/12\\\/23\\\/altzako-euskararen-egoera-aztergai\\\/#respond\"]}]},{\"@type\":\"WebPage\",\"@id\":\"https:\\\/\\\/soziolinguistika.eus\\\/fr\\\/2010\\\/12\\\/23\\\/altzako-euskararen-egoera-aztergai\\\/\",\"url\":\"https:\\\/\\\/soziolinguistika.eus\\\/fr\\\/2010\\\/12\\\/23\\\/altzako-euskararen-egoera-aztergai\\\/\",\"name\":\"Altzako euskararen egoera aztergai - Soziolinguistika Klusterra\",\"isPartOf\":{\"@id\":\"https:\\\/\\\/soziolinguistika.eus\\\/fr\\\/#website\"},\"primaryImageOfPage\":{\"@id\":\"https:\\\/\\\/soziolinguistika.eus\\\/fr\\\/2010\\\/12\\\/23\\\/altzako-euskararen-egoera-aztergai\\\/#primaryimage\"},\"image\":{\"@id\":\"https:\\\/\\\/soziolinguistika.eus\\\/fr\\\/2010\\\/12\\\/23\\\/altzako-euskararen-egoera-aztergai\\\/#primaryimage\"},\"thumbnailUrl\":\"https:\\\/\\\/soziolinguistika.eus\\\/wp-content\\\/uploads\\\/2020\\\/02\\\/IMGP5099.gif\",\"datePublished\":\"2010-12-22T23:00:00+00:00\",\"author\":{\"@id\":\"https:\\\/\\\/soziolinguistika.eus\\\/fr\\\/#\\\/schema\\\/person\\\/70ce1538f9076eebb62776b06a37778e\"},\"breadcrumb\":{\"@id\":\"https:\\\/\\\/soziolinguistika.eus\\\/fr\\\/2010\\\/12\\\/23\\\/altzako-euskararen-egoera-aztergai\\\/#breadcrumb\"},\"inLanguage\":\"fr-FR\",\"potentialAction\":[{\"@type\":\"ReadAction\",\"target\":[\"https:\\\/\\\/soziolinguistika.eus\\\/fr\\\/2010\\\/12\\\/23\\\/altzako-euskararen-egoera-aztergai\\\/\"]}]},{\"@type\":\"ImageObject\",\"inLanguage\":\"fr-FR\",\"@id\":\"https:\\\/\\\/soziolinguistika.eus\\\/fr\\\/2010\\\/12\\\/23\\\/altzako-euskararen-egoera-aztergai\\\/#primaryimage\",\"url\":\"https:\\\/\\\/soziolinguistika.eus\\\/wp-content\\\/uploads\\\/2020\\\/02\\\/IMGP5099.gif\",\"contentUrl\":\"https:\\\/\\\/soziolinguistika.eus\\\/wp-content\\\/uploads\\\/2020\\\/02\\\/IMGP5099.gif\",\"width\":648,\"height\":486},{\"@type\":\"BreadcrumbList\",\"@id\":\"https:\\\/\\\/soziolinguistika.eus\\\/fr\\\/2010\\\/12\\\/23\\\/altzako-euskararen-egoera-aztergai\\\/#breadcrumb\",\"itemListElement\":[{\"@type\":\"ListItem\",\"position\":1,\"name\":\"Soziolinguistika klusterra\",\"item\":\"https:\\\/\\\/soziolinguistika.eus\\\/fr\\\/\"},{\"@type\":\"ListItem\",\"position\":2,\"name\":\"Altzako euskararen egoera aztergai\"}]},{\"@type\":\"WebSite\",\"@id\":\"https:\\\/\\\/soziolinguistika.eus\\\/fr\\\/#website\",\"url\":\"https:\\\/\\\/soziolinguistika.eus\\\/fr\\\/\",\"name\":\"Soziolinguistika Klusterra\",\"description\":\"Euskara biziberritzeko ikergunea\",\"potentialAction\":[{\"@type\":\"SearchAction\",\"target\":{\"@type\":\"EntryPoint\",\"urlTemplate\":\"https:\\\/\\\/soziolinguistika.eus\\\/fr\\\/?s={search_term_string}\"},\"query-input\":{\"@type\":\"PropertyValueSpecification\",\"valueRequired\":true,\"valueName\":\"search_term_string\"}}],\"inLanguage\":\"fr-FR\"},{\"@type\":\"Person\",\"@id\":\"https:\\\/\\\/soziolinguistika.eus\\\/fr\\\/#\\\/schema\\\/person\\\/70ce1538f9076eebb62776b06a37778e\",\"name\":\"iametza\",\"image\":{\"@type\":\"ImageObject\",\"inLanguage\":\"fr-FR\",\"@id\":\"https:\\\/\\\/secure.gravatar.com\\\/avatar\\\/d540deee73a89d6d724e7b25b2527e1e2122a11cbb7d772df60255f40a336172?s=96&d=mm&r=g\",\"url\":\"https:\\\/\\\/secure.gravatar.com\\\/avatar\\\/d540deee73a89d6d724e7b25b2527e1e2122a11cbb7d772df60255f40a336172?s=96&d=mm&r=g\",\"contentUrl\":\"https:\\\/\\\/secure.gravatar.com\\\/avatar\\\/d540deee73a89d6d724e7b25b2527e1e2122a11cbb7d772df60255f40a336172?s=96&d=mm&r=g\",\"caption\":\"iametza\"},\"url\":\"https:\\\/\\\/soziolinguistika.eus\\\/fr\\\/author\\\/iametza\\\/\"}]}<\/script>\n<!-- \/ Yoast SEO plugin. -->","yoast_head_json":{"title":"Altzako euskararen egoera aztergai - Soziolinguistika Klusterra","robots":{"index":"index","follow":"follow","max-snippet":"max-snippet:-1","max-image-preview":"max-image-preview:large","max-video-preview":"max-video-preview:-1"},"canonical":"https:\/\/soziolinguistika.eus\/fr\/2010\/12\/23\/altzako-euskararen-egoera-aztergai\/","og_locale":"fr_FR","og_type":"article","og_title":"Altzako euskararen egoera aztergai - Soziolinguistika Klusterra","og_description":"Documento sin t&iacute;tulo Altzako euskararen egoera aztergai Bizarrain Kultur elkarteak antolatuta, eta &#8220;Altzan euskarak bizi duen egoera&#8221; izenpean, Gaindegiako Xabier Isasik eta Soziolinguistika Klusterreko Olatz Altunak hitzaldia eman zuten Altzako Tomasene kultur etxean. Lehenengoa, duela urte batzuk egindako prospekzioaren inguruan aritu zen, ezagutza mailaren inguruko datuen gainean, eta bigarrena aldiz kale erabileraren gainean, diagnosi orokor...","og_url":"https:\/\/soziolinguistika.eus\/fr\/2010\/12\/23\/altzako-euskararen-egoera-aztergai\/","og_site_name":"Soziolinguistika Klusterra","article_published_time":"2010-12-22T23:00:00+00:00","og_image":[{"width":648,"height":486,"url":"https:\/\/soziolinguistika.eus\/wp-content\/uploads\/2020\/02\/IMGP5099.gif","type":"image\/gif"}],"author":"iametza","twitter_card":"summary_large_image","twitter_misc":{"\u00c9crit par":"iametza","Dur\u00e9e de lecture estim\u00e9e":"1 minute"},"schema":{"@context":"https:\/\/schema.org","@graph":[{"@type":"Article","@id":"https:\/\/soziolinguistika.eus\/fr\/2010\/12\/23\/altzako-euskararen-egoera-aztergai\/#article","isPartOf":{"@id":"https:\/\/soziolinguistika.eus\/fr\/2010\/12\/23\/altzako-euskararen-egoera-aztergai\/"},"author":{"name":"iametza","@id":"https:\/\/soziolinguistika.eus\/fr\/#\/schema\/person\/70ce1538f9076eebb62776b06a37778e"},"headline":"Altzako euskararen egoera aztergai","datePublished":"2010-12-22T23:00:00+00:00","mainEntityOfPage":{"@id":"https:\/\/soziolinguistika.eus\/fr\/2010\/12\/23\/altzako-euskararen-egoera-aztergai\/"},"wordCount":191,"commentCount":0,"image":{"@id":"https:\/\/soziolinguistika.eus\/fr\/2010\/12\/23\/altzako-euskararen-egoera-aztergai\/#primaryimage"},"thumbnailUrl":"https:\/\/soziolinguistika.eus\/wp-content\/uploads\/2020\/02\/IMGP5099.gif","inLanguage":"fr-FR","potentialAction":[{"@type":"CommentAction","name":"Comment","target":["https:\/\/soziolinguistika.eus\/fr\/2010\/12\/23\/altzako-euskararen-egoera-aztergai\/#respond"]}]},{"@type":"WebPage","@id":"https:\/\/soziolinguistika.eus\/fr\/2010\/12\/23\/altzako-euskararen-egoera-aztergai\/","url":"https:\/\/soziolinguistika.eus\/fr\/2010\/12\/23\/altzako-euskararen-egoera-aztergai\/","name":"Altzako euskararen egoera aztergai - Soziolinguistika Klusterra","isPartOf":{"@id":"https:\/\/soziolinguistika.eus\/fr\/#website"},"primaryImageOfPage":{"@id":"https:\/\/soziolinguistika.eus\/fr\/2010\/12\/23\/altzako-euskararen-egoera-aztergai\/#primaryimage"},"image":{"@id":"https:\/\/soziolinguistika.eus\/fr\/2010\/12\/23\/altzako-euskararen-egoera-aztergai\/#primaryimage"},"thumbnailUrl":"https:\/\/soziolinguistika.eus\/wp-content\/uploads\/2020\/02\/IMGP5099.gif","datePublished":"2010-12-22T23:00:00+00:00","author":{"@id":"https:\/\/soziolinguistika.eus\/fr\/#\/schema\/person\/70ce1538f9076eebb62776b06a37778e"},"breadcrumb":{"@id":"https:\/\/soziolinguistika.eus\/fr\/2010\/12\/23\/altzako-euskararen-egoera-aztergai\/#breadcrumb"},"inLanguage":"fr-FR","potentialAction":[{"@type":"ReadAction","target":["https:\/\/soziolinguistika.eus\/fr\/2010\/12\/23\/altzako-euskararen-egoera-aztergai\/"]}]},{"@type":"ImageObject","inLanguage":"fr-FR","@id":"https:\/\/soziolinguistika.eus\/fr\/2010\/12\/23\/altzako-euskararen-egoera-aztergai\/#primaryimage","url":"https:\/\/soziolinguistika.eus\/wp-content\/uploads\/2020\/02\/IMGP5099.gif","contentUrl":"https:\/\/soziolinguistika.eus\/wp-content\/uploads\/2020\/02\/IMGP5099.gif","width":648,"height":486},{"@type":"BreadcrumbList","@id":"https:\/\/soziolinguistika.eus\/fr\/2010\/12\/23\/altzako-euskararen-egoera-aztergai\/#breadcrumb","itemListElement":[{"@type":"ListItem","position":1,"name":"Soziolinguistika klusterra","item":"https:\/\/soziolinguistika.eus\/fr\/"},{"@type":"ListItem","position":2,"name":"Altzako euskararen egoera aztergai"}]},{"@type":"WebSite","@id":"https:\/\/soziolinguistika.eus\/fr\/#website","url":"https:\/\/soziolinguistika.eus\/fr\/","name":"Soziolinguistika Klusterra","description":"Euskara biziberritzeko ikergunea","potentialAction":[{"@type":"SearchAction","target":{"@type":"EntryPoint","urlTemplate":"https:\/\/soziolinguistika.eus\/fr\/?s={search_term_string}"},"query-input":{"@type":"PropertyValueSpecification","valueRequired":true,"valueName":"search_term_string"}}],"inLanguage":"fr-FR"},{"@type":"Person","@id":"https:\/\/soziolinguistika.eus\/fr\/#\/schema\/person\/70ce1538f9076eebb62776b06a37778e","name":"iametza","image":{"@type":"ImageObject","inLanguage":"fr-FR","@id":"https:\/\/secure.gravatar.com\/avatar\/d540deee73a89d6d724e7b25b2527e1e2122a11cbb7d772df60255f40a336172?s=96&d=mm&r=g","url":"https:\/\/secure.gravatar.com\/avatar\/d540deee73a89d6d724e7b25b2527e1e2122a11cbb7d772df60255f40a336172?s=96&d=mm&r=g","contentUrl":"https:\/\/secure.gravatar.com\/avatar\/d540deee73a89d6d724e7b25b2527e1e2122a11cbb7d772df60255f40a336172?s=96&d=mm&r=g","caption":"iametza"},"url":"https:\/\/soziolinguistika.eus\/fr\/author\/iametza\/"}]}},"_links":{"self":[{"href":"https:\/\/soziolinguistika.eus\/fr\/wp-json\/wp\/v2\/posts\/12125","targetHints":{"allow":["GET"]}}],"collection":[{"href":"https:\/\/soziolinguistika.eus\/fr\/wp-json\/wp\/v2\/posts"}],"about":[{"href":"https:\/\/soziolinguistika.eus\/fr\/wp-json\/wp\/v2\/types\/post"}],"author":[{"embeddable":true,"href":"https:\/\/soziolinguistika.eus\/fr\/wp-json\/wp\/v2\/users\/1"}],"replies":[{"embeddable":true,"href":"https:\/\/soziolinguistika.eus\/fr\/wp-json\/wp\/v2\/comments?post=12125"}],"version-history":[{"count":0,"href":"https:\/\/soziolinguistika.eus\/fr\/wp-json\/wp\/v2\/posts\/12125\/revisions"}],"wp:featuredmedia":[{"embeddable":true,"href":"https:\/\/soziolinguistika.eus\/fr\/wp-json\/wp\/v2\/media\/12126"}],"wp:attachment":[{"href":"https:\/\/soziolinguistika.eus\/fr\/wp-json\/wp\/v2\/media?parent=12125"}],"wp:term":[{"taxonomy":"category","embeddable":true,"href":"https:\/\/soziolinguistika.eus\/fr\/wp-json\/wp\/v2\/categories?post=12125"},{"taxonomy":"post_tag","embeddable":true,"href":"https:\/\/soziolinguistika.eus\/fr\/wp-json\/wp\/v2\/tags?post=12125"}],"curies":[{"name":"wp","href":"https:\/\/api.w.org\/{rel}","templated":true}]}}