{"id":12181,"date":"2011-07-05T00:00:00","date_gmt":"2011-07-04T23:00:00","guid":{"rendered":"https:\/\/soziolinguistika.eus\/2011\/07\/05\/summer-courses-language-ecology-from-theory-to-practice\/"},"modified":"2011-07-05T00:00:00","modified_gmt":"2011-07-04T23:00:00","slug":"summer-courses-language-ecology-from-theory-to-practice","status":"publish","type":"post","link":"https:\/\/soziolinguistika.eus\/fr\/2011\/07\/05\/summer-courses-language-ecology-from-theory-to-practice\/","title":{"rendered":"Summer courses: Language ecology, from theory to practice"},"content":{"rendered":"<p>&nbsp;<\/p>\n<p>Aste honetan izango da <em><strong>HIZKUNTZA-EKOLOGIA: teoriatik praktikara <\/strong><\/em>EHUko ikastaroa<\/p>\n<p>Donostiako MIRAMAR Jauregin izango da<strong> uztailaren 7an eta 8an.<\/strong> Bertan parte hartuko duten irakasleak Carme Junyent, J.I. Marko, Imanol Miner, Jon Sarasua, I\u00f1aki Martinez de Luna, Patxi Baztarrika eta Belen Uranga izango dira.<\/p>\n<p><a href=\"https:\/\/soziolinguistika.eus\/ehuikastaroa\">Ikastaroari<\/a> eta <a href=\"https:\/\/soziolinguistika.eus\/eu\/node\/5201\">hizlariei<\/a> buruzko informazioa web gunean duzue: <a href=\"https:\/\/soziolinguistika.eus\/eu\/ehuikastaroa\">soziolinguistika.eus<\/a><\/p>\n<p><!--more--><\/p>\n<p>&nbsp;<\/p>\n<p>Aste honetan izango da <em><strong>HIZKUNTZA-EKOLOGIA: teoriatik praktikara <\/strong><\/em>EHUko ikastaroa<\/p>\n<p>Donostiako MIRAMAR Jauregin izango da<strong> uztailaren 7an eta 8an.<\/strong> Bertan parte hartuko duten irakasleak Carme Junyent, J.I. Marko, Imanol Miner, Jon Sarasua, I\u00f1aki Martinez de Luna, Patxi Baztarrika eta Belen Uranga izango dira.<\/p>\n<p><a href=\"https:\/\/soziolinguistika.eus\/ehuikastaroa\">Ikastaroari<\/a> eta <a href=\"https:\/\/soziolinguistika.eus\/eu\/node\/5201\">hizlariei<\/a> buruzko informazioa web gunean duzue: <a href=\"https:\/\/soziolinguistika.eus\/eu\/ehuikastaroa\">soziolinguistika.eus<\/a><\/p>\n","protected":false},"excerpt":{"rendered":"<p>&nbsp; Aste honetan izango da HIZKUNTZA-EKOLOGIA: teoriatik praktikara EHUko ikastaroa Donostiako MIRAMAR Jauregin izango da uztailaren 7an eta 8an. Bertan parte hartuko duten irakasleak Carme Junyent, J.I. Marko, Imanol Miner, Jon Sarasua, I\u00f1aki Martinez de Luna, Patxi Baztarrika eta Belen Uranga izango dira. Ikastaroari eta hizlariei buruzko informazioa web gunean duzue: soziolinguistika.eus<\/p>\n","protected":false},"author":1,"featured_media":0,"comment_status":"open","ping_status":"open","sticky":false,"template":"","format":"standard","meta":{"_acf_changed":false,"footnotes":""},"categories":[],"tags":[],"class_list":["post-12181","post","type-post","status-publish","format-standard","hentry"],"acf":[],"yoast_head":"<!-- This site is optimized with the Yoast SEO plugin v27.3 - https:\/\/yoast.com\/product\/yoast-seo-wordpress\/ -->\n<title>Summer courses: Language ecology, from theory to practice - Soziolinguistika Klusterra<\/title>\n<meta name=\"robots\" content=\"index, follow, max-snippet:-1, max-image-preview:large, max-video-preview:-1\" \/>\n<link rel=\"canonical\" href=\"https:\/\/soziolinguistika.eus\/fr\/2011\/07\/05\/summer-courses-language-ecology-from-theory-to-practice\/\" \/>\n<meta property=\"og:locale\" content=\"fr_FR\" \/>\n<meta property=\"og:type\" content=\"article\" \/>\n<meta property=\"og:title\" content=\"Summer courses: Language ecology, from theory to practice - Soziolinguistika Klusterra\" \/>\n<meta property=\"og:description\" content=\"&nbsp; Aste honetan izango da HIZKUNTZA-EKOLOGIA: teoriatik praktikara EHUko ikastaroa Donostiako MIRAMAR Jauregin izango da uztailaren 7an eta 8an. Bertan parte hartuko duten irakasleak Carme Junyent, J.I. Marko, Imanol Miner, Jon Sarasua, I\u00f1aki Martinez de Luna, Patxi Baztarrika eta Belen Uranga izango dira. Ikastaroari eta hizlariei buruzko informazioa web gunean duzue: soziolinguistika.eus\" \/>\n<meta property=\"og:url\" content=\"https:\/\/soziolinguistika.eus\/fr\/2011\/07\/05\/summer-courses-language-ecology-from-theory-to-practice\/\" \/>\n<meta property=\"og:site_name\" content=\"Soziolinguistika Klusterra\" \/>\n<meta property=\"article:published_time\" content=\"2011-07-04T23:00:00+00:00\" \/>\n<meta name=\"author\" content=\"iametza\" \/>\n<meta name=\"twitter:card\" content=\"summary_large_image\" \/>\n<meta name=\"twitter:label1\" content=\"\u00c9crit par\" \/>\n\t<meta name=\"twitter:data1\" content=\"iametza\" \/>\n\t<meta name=\"twitter:label2\" content=\"Dur\u00e9e de lecture estim\u00e9e\" \/>\n\t<meta name=\"twitter:data2\" content=\"1 minute\" \/>\n<script type=\"application\/ld+json\" class=\"yoast-schema-graph\">{\"@context\":\"https:\\\/\\\/schema.org\",\"@graph\":[{\"@type\":\"Article\",\"@id\":\"https:\\\/\\\/soziolinguistika.eus\\\/fr\\\/2011\\\/07\\\/05\\\/summer-courses-language-ecology-from-theory-to-practice\\\/#article\",\"isPartOf\":{\"@id\":\"https:\\\/\\\/soziolinguistika.eus\\\/fr\\\/2011\\\/07\\\/05\\\/summer-courses-language-ecology-from-theory-to-practice\\\/\"},\"author\":{\"name\":\"iametza\",\"@id\":\"https:\\\/\\\/soziolinguistika.eus\\\/fr\\\/#\\\/schema\\\/person\\\/70ce1538f9076eebb62776b06a37778e\"},\"headline\":\"Summer courses: Language ecology, from theory to practice\",\"datePublished\":\"2011-07-04T23:00:00+00:00\",\"mainEntityOfPage\":{\"@id\":\"https:\\\/\\\/soziolinguistika.eus\\\/fr\\\/2011\\\/07\\\/05\\\/summer-courses-language-ecology-from-theory-to-practice\\\/\"},\"wordCount\":118,\"commentCount\":0,\"inLanguage\":\"fr-FR\",\"potentialAction\":[{\"@type\":\"CommentAction\",\"name\":\"Comment\",\"target\":[\"https:\\\/\\\/soziolinguistika.eus\\\/fr\\\/2011\\\/07\\\/05\\\/summer-courses-language-ecology-from-theory-to-practice\\\/#respond\"]}]},{\"@type\":\"WebPage\",\"@id\":\"https:\\\/\\\/soziolinguistika.eus\\\/fr\\\/2011\\\/07\\\/05\\\/summer-courses-language-ecology-from-theory-to-practice\\\/\",\"url\":\"https:\\\/\\\/soziolinguistika.eus\\\/fr\\\/2011\\\/07\\\/05\\\/summer-courses-language-ecology-from-theory-to-practice\\\/\",\"name\":\"Summer courses: Language ecology, from theory to practice - Soziolinguistika Klusterra\",\"isPartOf\":{\"@id\":\"https:\\\/\\\/soziolinguistika.eus\\\/fr\\\/#website\"},\"datePublished\":\"2011-07-04T23:00:00+00:00\",\"author\":{\"@id\":\"https:\\\/\\\/soziolinguistika.eus\\\/fr\\\/#\\\/schema\\\/person\\\/70ce1538f9076eebb62776b06a37778e\"},\"breadcrumb\":{\"@id\":\"https:\\\/\\\/soziolinguistika.eus\\\/fr\\\/2011\\\/07\\\/05\\\/summer-courses-language-ecology-from-theory-to-practice\\\/#breadcrumb\"},\"inLanguage\":\"fr-FR\",\"potentialAction\":[{\"@type\":\"ReadAction\",\"target\":[\"https:\\\/\\\/soziolinguistika.eus\\\/fr\\\/2011\\\/07\\\/05\\\/summer-courses-language-ecology-from-theory-to-practice\\\/\"]}]},{\"@type\":\"BreadcrumbList\",\"@id\":\"https:\\\/\\\/soziolinguistika.eus\\\/fr\\\/2011\\\/07\\\/05\\\/summer-courses-language-ecology-from-theory-to-practice\\\/#breadcrumb\",\"itemListElement\":[{\"@type\":\"ListItem\",\"position\":1,\"name\":\"Soziolinguistika klusterra\",\"item\":\"https:\\\/\\\/soziolinguistika.eus\\\/fr\\\/\"},{\"@type\":\"ListItem\",\"position\":2,\"name\":\"Summer courses: Language ecology, from theory to practice\"}]},{\"@type\":\"WebSite\",\"@id\":\"https:\\\/\\\/soziolinguistika.eus\\\/fr\\\/#website\",\"url\":\"https:\\\/\\\/soziolinguistika.eus\\\/fr\\\/\",\"name\":\"Soziolinguistika Klusterra\",\"description\":\"Euskara biziberritzeko ikergunea\",\"potentialAction\":[{\"@type\":\"SearchAction\",\"target\":{\"@type\":\"EntryPoint\",\"urlTemplate\":\"https:\\\/\\\/soziolinguistika.eus\\\/fr\\\/?s={search_term_string}\"},\"query-input\":{\"@type\":\"PropertyValueSpecification\",\"valueRequired\":true,\"valueName\":\"search_term_string\"}}],\"inLanguage\":\"fr-FR\"},{\"@type\":\"Person\",\"@id\":\"https:\\\/\\\/soziolinguistika.eus\\\/fr\\\/#\\\/schema\\\/person\\\/70ce1538f9076eebb62776b06a37778e\",\"name\":\"iametza\",\"image\":{\"@type\":\"ImageObject\",\"inLanguage\":\"fr-FR\",\"@id\":\"https:\\\/\\\/secure.gravatar.com\\\/avatar\\\/d540deee73a89d6d724e7b25b2527e1e2122a11cbb7d772df60255f40a336172?s=96&d=mm&r=g\",\"url\":\"https:\\\/\\\/secure.gravatar.com\\\/avatar\\\/d540deee73a89d6d724e7b25b2527e1e2122a11cbb7d772df60255f40a336172?s=96&d=mm&r=g\",\"contentUrl\":\"https:\\\/\\\/secure.gravatar.com\\\/avatar\\\/d540deee73a89d6d724e7b25b2527e1e2122a11cbb7d772df60255f40a336172?s=96&d=mm&r=g\",\"caption\":\"iametza\"},\"url\":\"https:\\\/\\\/soziolinguistika.eus\\\/fr\\\/author\\\/iametza\\\/\"}]}<\/script>\n<!-- \/ Yoast SEO plugin. -->","yoast_head_json":{"title":"Summer courses: Language ecology, from theory to practice - Soziolinguistika Klusterra","robots":{"index":"index","follow":"follow","max-snippet":"max-snippet:-1","max-image-preview":"max-image-preview:large","max-video-preview":"max-video-preview:-1"},"canonical":"https:\/\/soziolinguistika.eus\/fr\/2011\/07\/05\/summer-courses-language-ecology-from-theory-to-practice\/","og_locale":"fr_FR","og_type":"article","og_title":"Summer courses: Language ecology, from theory to practice - Soziolinguistika Klusterra","og_description":"&nbsp; Aste honetan izango da HIZKUNTZA-EKOLOGIA: teoriatik praktikara EHUko ikastaroa Donostiako MIRAMAR Jauregin izango da uztailaren 7an eta 8an. Bertan parte hartuko duten irakasleak Carme Junyent, J.I. Marko, Imanol Miner, Jon Sarasua, I\u00f1aki Martinez de Luna, Patxi Baztarrika eta Belen Uranga izango dira. Ikastaroari eta hizlariei buruzko informazioa web gunean duzue: soziolinguistika.eus","og_url":"https:\/\/soziolinguistika.eus\/fr\/2011\/07\/05\/summer-courses-language-ecology-from-theory-to-practice\/","og_site_name":"Soziolinguistika Klusterra","article_published_time":"2011-07-04T23:00:00+00:00","author":"iametza","twitter_card":"summary_large_image","twitter_misc":{"\u00c9crit par":"iametza","Dur\u00e9e de lecture estim\u00e9e":"1 minute"},"schema":{"@context":"https:\/\/schema.org","@graph":[{"@type":"Article","@id":"https:\/\/soziolinguistika.eus\/fr\/2011\/07\/05\/summer-courses-language-ecology-from-theory-to-practice\/#article","isPartOf":{"@id":"https:\/\/soziolinguistika.eus\/fr\/2011\/07\/05\/summer-courses-language-ecology-from-theory-to-practice\/"},"author":{"name":"iametza","@id":"https:\/\/soziolinguistika.eus\/fr\/#\/schema\/person\/70ce1538f9076eebb62776b06a37778e"},"headline":"Summer courses: Language ecology, from theory to practice","datePublished":"2011-07-04T23:00:00+00:00","mainEntityOfPage":{"@id":"https:\/\/soziolinguistika.eus\/fr\/2011\/07\/05\/summer-courses-language-ecology-from-theory-to-practice\/"},"wordCount":118,"commentCount":0,"inLanguage":"fr-FR","potentialAction":[{"@type":"CommentAction","name":"Comment","target":["https:\/\/soziolinguistika.eus\/fr\/2011\/07\/05\/summer-courses-language-ecology-from-theory-to-practice\/#respond"]}]},{"@type":"WebPage","@id":"https:\/\/soziolinguistika.eus\/fr\/2011\/07\/05\/summer-courses-language-ecology-from-theory-to-practice\/","url":"https:\/\/soziolinguistika.eus\/fr\/2011\/07\/05\/summer-courses-language-ecology-from-theory-to-practice\/","name":"Summer courses: Language ecology, from theory to practice - Soziolinguistika Klusterra","isPartOf":{"@id":"https:\/\/soziolinguistika.eus\/fr\/#website"},"datePublished":"2011-07-04T23:00:00+00:00","author":{"@id":"https:\/\/soziolinguistika.eus\/fr\/#\/schema\/person\/70ce1538f9076eebb62776b06a37778e"},"breadcrumb":{"@id":"https:\/\/soziolinguistika.eus\/fr\/2011\/07\/05\/summer-courses-language-ecology-from-theory-to-practice\/#breadcrumb"},"inLanguage":"fr-FR","potentialAction":[{"@type":"ReadAction","target":["https:\/\/soziolinguistika.eus\/fr\/2011\/07\/05\/summer-courses-language-ecology-from-theory-to-practice\/"]}]},{"@type":"BreadcrumbList","@id":"https:\/\/soziolinguistika.eus\/fr\/2011\/07\/05\/summer-courses-language-ecology-from-theory-to-practice\/#breadcrumb","itemListElement":[{"@type":"ListItem","position":1,"name":"Soziolinguistika klusterra","item":"https:\/\/soziolinguistika.eus\/fr\/"},{"@type":"ListItem","position":2,"name":"Summer courses: Language ecology, from theory to practice"}]},{"@type":"WebSite","@id":"https:\/\/soziolinguistika.eus\/fr\/#website","url":"https:\/\/soziolinguistika.eus\/fr\/","name":"Soziolinguistika Klusterra","description":"Euskara biziberritzeko ikergunea","potentialAction":[{"@type":"SearchAction","target":{"@type":"EntryPoint","urlTemplate":"https:\/\/soziolinguistika.eus\/fr\/?s={search_term_string}"},"query-input":{"@type":"PropertyValueSpecification","valueRequired":true,"valueName":"search_term_string"}}],"inLanguage":"fr-FR"},{"@type":"Person","@id":"https:\/\/soziolinguistika.eus\/fr\/#\/schema\/person\/70ce1538f9076eebb62776b06a37778e","name":"iametza","image":{"@type":"ImageObject","inLanguage":"fr-FR","@id":"https:\/\/secure.gravatar.com\/avatar\/d540deee73a89d6d724e7b25b2527e1e2122a11cbb7d772df60255f40a336172?s=96&d=mm&r=g","url":"https:\/\/secure.gravatar.com\/avatar\/d540deee73a89d6d724e7b25b2527e1e2122a11cbb7d772df60255f40a336172?s=96&d=mm&r=g","contentUrl":"https:\/\/secure.gravatar.com\/avatar\/d540deee73a89d6d724e7b25b2527e1e2122a11cbb7d772df60255f40a336172?s=96&d=mm&r=g","caption":"iametza"},"url":"https:\/\/soziolinguistika.eus\/fr\/author\/iametza\/"}]}},"_links":{"self":[{"href":"https:\/\/soziolinguistika.eus\/fr\/wp-json\/wp\/v2\/posts\/12181","targetHints":{"allow":["GET"]}}],"collection":[{"href":"https:\/\/soziolinguistika.eus\/fr\/wp-json\/wp\/v2\/posts"}],"about":[{"href":"https:\/\/soziolinguistika.eus\/fr\/wp-json\/wp\/v2\/types\/post"}],"author":[{"embeddable":true,"href":"https:\/\/soziolinguistika.eus\/fr\/wp-json\/wp\/v2\/users\/1"}],"replies":[{"embeddable":true,"href":"https:\/\/soziolinguistika.eus\/fr\/wp-json\/wp\/v2\/comments?post=12181"}],"version-history":[{"count":0,"href":"https:\/\/soziolinguistika.eus\/fr\/wp-json\/wp\/v2\/posts\/12181\/revisions"}],"wp:attachment":[{"href":"https:\/\/soziolinguistika.eus\/fr\/wp-json\/wp\/v2\/media?parent=12181"}],"wp:term":[{"taxonomy":"category","embeddable":true,"href":"https:\/\/soziolinguistika.eus\/fr\/wp-json\/wp\/v2\/categories?post=12181"},{"taxonomy":"post_tag","embeddable":true,"href":"https:\/\/soziolinguistika.eus\/fr\/wp-json\/wp\/v2\/tags?post=12181"}],"curies":[{"name":"wp","href":"https:\/\/api.w.org\/{rel}","templated":true}]}}