{"id":12208,"date":"2011-11-22T00:00:00","date_gmt":"2011-11-21T23:00:00","guid":{"rendered":"https:\/\/soziolinguistika.eus\/2011\/11\/22\/arrue-ikerketaren-zenbait-ondorio-aurkeztu-ziren-eskola-hiztun-bila-jardunaldietan\/"},"modified":"2011-11-22T00:00:00","modified_gmt":"2011-11-21T23:00:00","slug":"arrue-ikerketaren-zenbait-ondorio-aurkeztu-ziren-eskola-hiztun-bila-jardunaldietan","status":"publish","type":"post","link":"https:\/\/soziolinguistika.eus\/fr\/2011\/11\/22\/arrue-ikerketaren-zenbait-ondorio-aurkeztu-ziren-eskola-hiztun-bila-jardunaldietan\/","title":{"rendered":"ARRUE ikerketaren zenbait ondorio aurkeztu ziren Eskola Hiztun Bila jardunaldietan"},"content":{"rendered":"<p align=\"justify\"><img decoding=\"async\" class=\" size-full wp-image-4932\" alt=\"Pablo- Eskola Hiztun Bila\" src=\"https:\/\/soziolinguistika.eus\/wp-content\/uploads\/2020\/02\/EskolaHiztunBila1.preview.jpg\" width=\"450\" \/><\/p>\n<p align=\"justify\">15 urte betetzen dira aurten <em>Eusko Jaurlaritzako Hezkuntza, Unibertsitate eta Ikerketa Sail<\/em>aren barruko <em>Euskara Zerbitzuak<\/em> <strong>Ulibarri <\/strong>programa martxan jarri zuela. Programa horren bidez, euskararen normalizazioa bultzatu nahi da hezkuntza komunitatean eta une honetan 400 ikastetxe inguru dira programan parte hartzen ari direnak.<\/p>\n<p><!--more--><\/p>\n<p align=\"justify\"><img decoding=\"async\" class=\" size-full wp-image-4932\" alt=\"Pablo- Eskola Hiztun Bila\" src=\"https:\/\/soziolinguistika.eus\/wp-content\/uploads\/2020\/02\/EskolaHiztunBila1.preview.jpg\" width=\"450\" \/><\/p>\n<p align=\"justify\">15 urte betetzen dira aurten <em>Eusko Jaurlaritzako Hezkuntza, Unibertsitate eta Ikerketa Sail<\/em>aren barruko <em>Euskara Zerbitzuak<\/em> <strong>Ulibarri <\/strong>programa martxan jarri zuela. Programa horren bidez, euskararen normalizazioa bultzatu nahi da hezkuntza komunitatean eta une honetan 400 ikastetxe inguru dira programan parte hartzen ari direnak.<\/p>\n<p align=\"justify\">&nbsp;<\/p>\n<p align=\"justify\">Ikasturte bakoitzaren hasieran bi eguneko Jardunaldia burutu ohi da, <strong>Eskola Hiztun Bila<\/strong> izenburupean. Zehazki, hauek dira jardunaldi hauen helburuak:<\/p>\n<div align=\"justify\">\n<ul>\n<li>\n\t\t\tHizkuntza Normalkuntzako Arduradun Tekniko (HNAT) gisa egiten den lana gero eta hobeto ulertzeko eta burutzeko, begirada aberastea.<\/li>\n<li>\n\t\t\tHorretarako, aztergai esanguratsu batzuei buruz iritzi eta ekarpen interesgarriak entzutea, kontrastatzea eta horien inguruan hausnarketa egitea.<\/li>\n<\/ul>\n<\/div>\n<p align=\"justify\">Aurtengo<strong> Eskola Hiztun Bila<\/strong> jardunaldiak azaroaren 14 eta 15ean izan ziren Gasteizko Europa Jauregian. <a href=\"http:\/\/www.ulibarri.info\/albistegia\/1320751901\/view\">Hainbat aztergairen inguruko saio eta aurkezpenak<\/a> izan ziren bi egunetan zehar. Hauen artean, <em>Soziolinguistika Kluster<\/em>reko Pablo Suberbiolak, <strong>ARRUE<\/strong> ikerketaren 7 urteko ibilbidean ateratako zenbait ondorio aurkeztu zituen, eskola-giroko hizkuntza-erabileraren inguruko hausnarketan baliagarri izateko helburuarekin. <a href=\"\/files\/Arrue_EHB_2011-11-14_0.pps\">Saioan erabilitako aurkezpena eskuragarri dago hemen<\/a>.<\/p>\n","protected":false},"excerpt":{"rendered":"<p>15 urte betetzen dira aurten Eusko Jaurlaritzako Hezkuntza, Unibertsitate eta Ikerketa Sailaren barruko Euskara Zerbitzuak Ulibarri programa martxan jarri zuela. Programa horren bidez, euskararen normalizazioa bultzatu nahi da hezkuntza komunitatean eta une honetan 400 ikastetxe inguru dira programan parte hartzen ari direnak.<\/p>\n","protected":false},"author":1,"featured_media":8737,"comment_status":"open","ping_status":"open","sticky":false,"template":"","format":"standard","meta":{"_acf_changed":false,"footnotes":""},"categories":[],"tags":[],"class_list":["post-12208","post","type-post","status-publish","format-standard","has-post-thumbnail","hentry"],"acf":[],"yoast_head":"<!-- This site is optimized with the Yoast SEO plugin v27.3 - https:\/\/yoast.com\/product\/yoast-seo-wordpress\/ -->\n<title>ARRUE ikerketaren zenbait ondorio aurkeztu ziren Eskola Hiztun Bila jardunaldietan - Soziolinguistika Klusterra<\/title>\n<meta name=\"robots\" content=\"index, follow, max-snippet:-1, max-image-preview:large, max-video-preview:-1\" \/>\n<link rel=\"canonical\" href=\"https:\/\/soziolinguistika.eus\/fr\/2011\/11\/22\/arrue-ikerketaren-zenbait-ondorio-aurkeztu-ziren-eskola-hiztun-bila-jardunaldietan\/\" \/>\n<meta property=\"og:locale\" content=\"fr_FR\" \/>\n<meta property=\"og:type\" content=\"article\" \/>\n<meta property=\"og:title\" content=\"ARRUE ikerketaren zenbait ondorio aurkeztu ziren Eskola Hiztun Bila jardunaldietan - Soziolinguistika Klusterra\" \/>\n<meta property=\"og:description\" content=\"15 urte betetzen dira aurten Eusko Jaurlaritzako Hezkuntza, Unibertsitate eta Ikerketa Sailaren barruko Euskara Zerbitzuak Ulibarri programa martxan jarri zuela. Programa horren bidez, euskararen normalizazioa bultzatu nahi da hezkuntza komunitatean eta une honetan 400 ikastetxe inguru dira programan parte hartzen ari direnak.\" \/>\n<meta property=\"og:url\" content=\"https:\/\/soziolinguistika.eus\/fr\/2011\/11\/22\/arrue-ikerketaren-zenbait-ondorio-aurkeztu-ziren-eskola-hiztun-bila-jardunaldietan\/\" \/>\n<meta property=\"og:site_name\" content=\"Soziolinguistika Klusterra\" \/>\n<meta property=\"article:published_time\" content=\"2011-11-21T23:00:00+00:00\" \/>\n<meta property=\"og:image\" content=\"https:\/\/soziolinguistika.eus\/wp-content\/uploads\/2020\/02\/EskolaHiztunBila1.preview.jpg\" \/>\n\t<meta property=\"og:image:width\" content=\"600\" \/>\n\t<meta property=\"og:image:height\" content=\"450\" \/>\n\t<meta property=\"og:image:type\" content=\"image\/jpeg\" \/>\n<meta name=\"author\" content=\"iametza\" \/>\n<meta name=\"twitter:card\" content=\"summary_large_image\" \/>\n<meta name=\"twitter:label1\" content=\"\u00c9crit par\" \/>\n\t<meta name=\"twitter:data1\" content=\"iametza\" \/>\n\t<meta name=\"twitter:label2\" content=\"Dur\u00e9e de lecture estim\u00e9e\" \/>\n\t<meta name=\"twitter:data2\" content=\"1 minute\" \/>\n<script type=\"application\/ld+json\" class=\"yoast-schema-graph\">{\"@context\":\"https:\\\/\\\/schema.org\",\"@graph\":[{\"@type\":\"Article\",\"@id\":\"https:\\\/\\\/soziolinguistika.eus\\\/fr\\\/2011\\\/11\\\/22\\\/arrue-ikerketaren-zenbait-ondorio-aurkeztu-ziren-eskola-hiztun-bila-jardunaldietan\\\/#article\",\"isPartOf\":{\"@id\":\"https:\\\/\\\/soziolinguistika.eus\\\/fr\\\/2011\\\/11\\\/22\\\/arrue-ikerketaren-zenbait-ondorio-aurkeztu-ziren-eskola-hiztun-bila-jardunaldietan\\\/\"},\"author\":{\"name\":\"iametza\",\"@id\":\"https:\\\/\\\/soziolinguistika.eus\\\/fr\\\/#\\\/schema\\\/person\\\/70ce1538f9076eebb62776b06a37778e\"},\"headline\":\"ARRUE ikerketaren zenbait ondorio aurkeztu ziren Eskola Hiztun Bila jardunaldietan\",\"datePublished\":\"2011-11-21T23:00:00+00:00\",\"mainEntityOfPage\":{\"@id\":\"https:\\\/\\\/soziolinguistika.eus\\\/fr\\\/2011\\\/11\\\/22\\\/arrue-ikerketaren-zenbait-ondorio-aurkeztu-ziren-eskola-hiztun-bila-jardunaldietan\\\/\"},\"wordCount\":195,\"commentCount\":0,\"image\":{\"@id\":\"https:\\\/\\\/soziolinguistika.eus\\\/fr\\\/2011\\\/11\\\/22\\\/arrue-ikerketaren-zenbait-ondorio-aurkeztu-ziren-eskola-hiztun-bila-jardunaldietan\\\/#primaryimage\"},\"thumbnailUrl\":\"https:\\\/\\\/soziolinguistika.eus\\\/wp-content\\\/uploads\\\/2020\\\/02\\\/EskolaHiztunBila1.preview.jpg\",\"inLanguage\":\"fr-FR\",\"potentialAction\":[{\"@type\":\"CommentAction\",\"name\":\"Comment\",\"target\":[\"https:\\\/\\\/soziolinguistika.eus\\\/fr\\\/2011\\\/11\\\/22\\\/arrue-ikerketaren-zenbait-ondorio-aurkeztu-ziren-eskola-hiztun-bila-jardunaldietan\\\/#respond\"]}]},{\"@type\":\"WebPage\",\"@id\":\"https:\\\/\\\/soziolinguistika.eus\\\/fr\\\/2011\\\/11\\\/22\\\/arrue-ikerketaren-zenbait-ondorio-aurkeztu-ziren-eskola-hiztun-bila-jardunaldietan\\\/\",\"url\":\"https:\\\/\\\/soziolinguistika.eus\\\/fr\\\/2011\\\/11\\\/22\\\/arrue-ikerketaren-zenbait-ondorio-aurkeztu-ziren-eskola-hiztun-bila-jardunaldietan\\\/\",\"name\":\"ARRUE ikerketaren zenbait ondorio aurkeztu ziren Eskola Hiztun Bila jardunaldietan - Soziolinguistika Klusterra\",\"isPartOf\":{\"@id\":\"https:\\\/\\\/soziolinguistika.eus\\\/fr\\\/#website\"},\"primaryImageOfPage\":{\"@id\":\"https:\\\/\\\/soziolinguistika.eus\\\/fr\\\/2011\\\/11\\\/22\\\/arrue-ikerketaren-zenbait-ondorio-aurkeztu-ziren-eskola-hiztun-bila-jardunaldietan\\\/#primaryimage\"},\"image\":{\"@id\":\"https:\\\/\\\/soziolinguistika.eus\\\/fr\\\/2011\\\/11\\\/22\\\/arrue-ikerketaren-zenbait-ondorio-aurkeztu-ziren-eskola-hiztun-bila-jardunaldietan\\\/#primaryimage\"},\"thumbnailUrl\":\"https:\\\/\\\/soziolinguistika.eus\\\/wp-content\\\/uploads\\\/2020\\\/02\\\/EskolaHiztunBila1.preview.jpg\",\"datePublished\":\"2011-11-21T23:00:00+00:00\",\"author\":{\"@id\":\"https:\\\/\\\/soziolinguistika.eus\\\/fr\\\/#\\\/schema\\\/person\\\/70ce1538f9076eebb62776b06a37778e\"},\"breadcrumb\":{\"@id\":\"https:\\\/\\\/soziolinguistika.eus\\\/fr\\\/2011\\\/11\\\/22\\\/arrue-ikerketaren-zenbait-ondorio-aurkeztu-ziren-eskola-hiztun-bila-jardunaldietan\\\/#breadcrumb\"},\"inLanguage\":\"fr-FR\",\"potentialAction\":[{\"@type\":\"ReadAction\",\"target\":[\"https:\\\/\\\/soziolinguistika.eus\\\/fr\\\/2011\\\/11\\\/22\\\/arrue-ikerketaren-zenbait-ondorio-aurkeztu-ziren-eskola-hiztun-bila-jardunaldietan\\\/\"]}]},{\"@type\":\"ImageObject\",\"inLanguage\":\"fr-FR\",\"@id\":\"https:\\\/\\\/soziolinguistika.eus\\\/fr\\\/2011\\\/11\\\/22\\\/arrue-ikerketaren-zenbait-ondorio-aurkeztu-ziren-eskola-hiztun-bila-jardunaldietan\\\/#primaryimage\",\"url\":\"https:\\\/\\\/soziolinguistika.eus\\\/wp-content\\\/uploads\\\/2020\\\/02\\\/EskolaHiztunBila1.preview.jpg\",\"contentUrl\":\"https:\\\/\\\/soziolinguistika.eus\\\/wp-content\\\/uploads\\\/2020\\\/02\\\/EskolaHiztunBila1.preview.jpg\",\"width\":600,\"height\":450},{\"@type\":\"BreadcrumbList\",\"@id\":\"https:\\\/\\\/soziolinguistika.eus\\\/fr\\\/2011\\\/11\\\/22\\\/arrue-ikerketaren-zenbait-ondorio-aurkeztu-ziren-eskola-hiztun-bila-jardunaldietan\\\/#breadcrumb\",\"itemListElement\":[{\"@type\":\"ListItem\",\"position\":1,\"name\":\"Soziolinguistika klusterra\",\"item\":\"https:\\\/\\\/soziolinguistika.eus\\\/fr\\\/\"},{\"@type\":\"ListItem\",\"position\":2,\"name\":\"ARRUE ikerketaren zenbait ondorio aurkeztu ziren Eskola Hiztun Bila jardunaldietan\"}]},{\"@type\":\"WebSite\",\"@id\":\"https:\\\/\\\/soziolinguistika.eus\\\/fr\\\/#website\",\"url\":\"https:\\\/\\\/soziolinguistika.eus\\\/fr\\\/\",\"name\":\"Soziolinguistika Klusterra\",\"description\":\"Euskara biziberritzeko ikergunea\",\"potentialAction\":[{\"@type\":\"SearchAction\",\"target\":{\"@type\":\"EntryPoint\",\"urlTemplate\":\"https:\\\/\\\/soziolinguistika.eus\\\/fr\\\/?s={search_term_string}\"},\"query-input\":{\"@type\":\"PropertyValueSpecification\",\"valueRequired\":true,\"valueName\":\"search_term_string\"}}],\"inLanguage\":\"fr-FR\"},{\"@type\":\"Person\",\"@id\":\"https:\\\/\\\/soziolinguistika.eus\\\/fr\\\/#\\\/schema\\\/person\\\/70ce1538f9076eebb62776b06a37778e\",\"name\":\"iametza\",\"image\":{\"@type\":\"ImageObject\",\"inLanguage\":\"fr-FR\",\"@id\":\"https:\\\/\\\/secure.gravatar.com\\\/avatar\\\/d540deee73a89d6d724e7b25b2527e1e2122a11cbb7d772df60255f40a336172?s=96&d=mm&r=g\",\"url\":\"https:\\\/\\\/secure.gravatar.com\\\/avatar\\\/d540deee73a89d6d724e7b25b2527e1e2122a11cbb7d772df60255f40a336172?s=96&d=mm&r=g\",\"contentUrl\":\"https:\\\/\\\/secure.gravatar.com\\\/avatar\\\/d540deee73a89d6d724e7b25b2527e1e2122a11cbb7d772df60255f40a336172?s=96&d=mm&r=g\",\"caption\":\"iametza\"},\"url\":\"https:\\\/\\\/soziolinguistika.eus\\\/fr\\\/author\\\/iametza\\\/\"}]}<\/script>\n<!-- \/ Yoast SEO plugin. -->","yoast_head_json":{"title":"ARRUE ikerketaren zenbait ondorio aurkeztu ziren Eskola Hiztun Bila jardunaldietan - Soziolinguistika Klusterra","robots":{"index":"index","follow":"follow","max-snippet":"max-snippet:-1","max-image-preview":"max-image-preview:large","max-video-preview":"max-video-preview:-1"},"canonical":"https:\/\/soziolinguistika.eus\/fr\/2011\/11\/22\/arrue-ikerketaren-zenbait-ondorio-aurkeztu-ziren-eskola-hiztun-bila-jardunaldietan\/","og_locale":"fr_FR","og_type":"article","og_title":"ARRUE ikerketaren zenbait ondorio aurkeztu ziren Eskola Hiztun Bila jardunaldietan - Soziolinguistika Klusterra","og_description":"15 urte betetzen dira aurten Eusko Jaurlaritzako Hezkuntza, Unibertsitate eta Ikerketa Sailaren barruko Euskara Zerbitzuak Ulibarri programa martxan jarri zuela. Programa horren bidez, euskararen normalizazioa bultzatu nahi da hezkuntza komunitatean eta une honetan 400 ikastetxe inguru dira programan parte hartzen ari direnak.","og_url":"https:\/\/soziolinguistika.eus\/fr\/2011\/11\/22\/arrue-ikerketaren-zenbait-ondorio-aurkeztu-ziren-eskola-hiztun-bila-jardunaldietan\/","og_site_name":"Soziolinguistika Klusterra","article_published_time":"2011-11-21T23:00:00+00:00","og_image":[{"width":600,"height":450,"url":"https:\/\/soziolinguistika.eus\/wp-content\/uploads\/2020\/02\/EskolaHiztunBila1.preview.jpg","type":"image\/jpeg"}],"author":"iametza","twitter_card":"summary_large_image","twitter_misc":{"\u00c9crit par":"iametza","Dur\u00e9e de lecture estim\u00e9e":"1 minute"},"schema":{"@context":"https:\/\/schema.org","@graph":[{"@type":"Article","@id":"https:\/\/soziolinguistika.eus\/fr\/2011\/11\/22\/arrue-ikerketaren-zenbait-ondorio-aurkeztu-ziren-eskola-hiztun-bila-jardunaldietan\/#article","isPartOf":{"@id":"https:\/\/soziolinguistika.eus\/fr\/2011\/11\/22\/arrue-ikerketaren-zenbait-ondorio-aurkeztu-ziren-eskola-hiztun-bila-jardunaldietan\/"},"author":{"name":"iametza","@id":"https:\/\/soziolinguistika.eus\/fr\/#\/schema\/person\/70ce1538f9076eebb62776b06a37778e"},"headline":"ARRUE ikerketaren zenbait ondorio aurkeztu ziren Eskola Hiztun Bila jardunaldietan","datePublished":"2011-11-21T23:00:00+00:00","mainEntityOfPage":{"@id":"https:\/\/soziolinguistika.eus\/fr\/2011\/11\/22\/arrue-ikerketaren-zenbait-ondorio-aurkeztu-ziren-eskola-hiztun-bila-jardunaldietan\/"},"wordCount":195,"commentCount":0,"image":{"@id":"https:\/\/soziolinguistika.eus\/fr\/2011\/11\/22\/arrue-ikerketaren-zenbait-ondorio-aurkeztu-ziren-eskola-hiztun-bila-jardunaldietan\/#primaryimage"},"thumbnailUrl":"https:\/\/soziolinguistika.eus\/wp-content\/uploads\/2020\/02\/EskolaHiztunBila1.preview.jpg","inLanguage":"fr-FR","potentialAction":[{"@type":"CommentAction","name":"Comment","target":["https:\/\/soziolinguistika.eus\/fr\/2011\/11\/22\/arrue-ikerketaren-zenbait-ondorio-aurkeztu-ziren-eskola-hiztun-bila-jardunaldietan\/#respond"]}]},{"@type":"WebPage","@id":"https:\/\/soziolinguistika.eus\/fr\/2011\/11\/22\/arrue-ikerketaren-zenbait-ondorio-aurkeztu-ziren-eskola-hiztun-bila-jardunaldietan\/","url":"https:\/\/soziolinguistika.eus\/fr\/2011\/11\/22\/arrue-ikerketaren-zenbait-ondorio-aurkeztu-ziren-eskola-hiztun-bila-jardunaldietan\/","name":"ARRUE ikerketaren zenbait ondorio aurkeztu ziren Eskola Hiztun Bila jardunaldietan - Soziolinguistika Klusterra","isPartOf":{"@id":"https:\/\/soziolinguistika.eus\/fr\/#website"},"primaryImageOfPage":{"@id":"https:\/\/soziolinguistika.eus\/fr\/2011\/11\/22\/arrue-ikerketaren-zenbait-ondorio-aurkeztu-ziren-eskola-hiztun-bila-jardunaldietan\/#primaryimage"},"image":{"@id":"https:\/\/soziolinguistika.eus\/fr\/2011\/11\/22\/arrue-ikerketaren-zenbait-ondorio-aurkeztu-ziren-eskola-hiztun-bila-jardunaldietan\/#primaryimage"},"thumbnailUrl":"https:\/\/soziolinguistika.eus\/wp-content\/uploads\/2020\/02\/EskolaHiztunBila1.preview.jpg","datePublished":"2011-11-21T23:00:00+00:00","author":{"@id":"https:\/\/soziolinguistika.eus\/fr\/#\/schema\/person\/70ce1538f9076eebb62776b06a37778e"},"breadcrumb":{"@id":"https:\/\/soziolinguistika.eus\/fr\/2011\/11\/22\/arrue-ikerketaren-zenbait-ondorio-aurkeztu-ziren-eskola-hiztun-bila-jardunaldietan\/#breadcrumb"},"inLanguage":"fr-FR","potentialAction":[{"@type":"ReadAction","target":["https:\/\/soziolinguistika.eus\/fr\/2011\/11\/22\/arrue-ikerketaren-zenbait-ondorio-aurkeztu-ziren-eskola-hiztun-bila-jardunaldietan\/"]}]},{"@type":"ImageObject","inLanguage":"fr-FR","@id":"https:\/\/soziolinguistika.eus\/fr\/2011\/11\/22\/arrue-ikerketaren-zenbait-ondorio-aurkeztu-ziren-eskola-hiztun-bila-jardunaldietan\/#primaryimage","url":"https:\/\/soziolinguistika.eus\/wp-content\/uploads\/2020\/02\/EskolaHiztunBila1.preview.jpg","contentUrl":"https:\/\/soziolinguistika.eus\/wp-content\/uploads\/2020\/02\/EskolaHiztunBila1.preview.jpg","width":600,"height":450},{"@type":"BreadcrumbList","@id":"https:\/\/soziolinguistika.eus\/fr\/2011\/11\/22\/arrue-ikerketaren-zenbait-ondorio-aurkeztu-ziren-eskola-hiztun-bila-jardunaldietan\/#breadcrumb","itemListElement":[{"@type":"ListItem","position":1,"name":"Soziolinguistika klusterra","item":"https:\/\/soziolinguistika.eus\/fr\/"},{"@type":"ListItem","position":2,"name":"ARRUE ikerketaren zenbait ondorio aurkeztu ziren Eskola Hiztun Bila jardunaldietan"}]},{"@type":"WebSite","@id":"https:\/\/soziolinguistika.eus\/fr\/#website","url":"https:\/\/soziolinguistika.eus\/fr\/","name":"Soziolinguistika Klusterra","description":"Euskara biziberritzeko ikergunea","potentialAction":[{"@type":"SearchAction","target":{"@type":"EntryPoint","urlTemplate":"https:\/\/soziolinguistika.eus\/fr\/?s={search_term_string}"},"query-input":{"@type":"PropertyValueSpecification","valueRequired":true,"valueName":"search_term_string"}}],"inLanguage":"fr-FR"},{"@type":"Person","@id":"https:\/\/soziolinguistika.eus\/fr\/#\/schema\/person\/70ce1538f9076eebb62776b06a37778e","name":"iametza","image":{"@type":"ImageObject","inLanguage":"fr-FR","@id":"https:\/\/secure.gravatar.com\/avatar\/d540deee73a89d6d724e7b25b2527e1e2122a11cbb7d772df60255f40a336172?s=96&d=mm&r=g","url":"https:\/\/secure.gravatar.com\/avatar\/d540deee73a89d6d724e7b25b2527e1e2122a11cbb7d772df60255f40a336172?s=96&d=mm&r=g","contentUrl":"https:\/\/secure.gravatar.com\/avatar\/d540deee73a89d6d724e7b25b2527e1e2122a11cbb7d772df60255f40a336172?s=96&d=mm&r=g","caption":"iametza"},"url":"https:\/\/soziolinguistika.eus\/fr\/author\/iametza\/"}]}},"_links":{"self":[{"href":"https:\/\/soziolinguistika.eus\/fr\/wp-json\/wp\/v2\/posts\/12208","targetHints":{"allow":["GET"]}}],"collection":[{"href":"https:\/\/soziolinguistika.eus\/fr\/wp-json\/wp\/v2\/posts"}],"about":[{"href":"https:\/\/soziolinguistika.eus\/fr\/wp-json\/wp\/v2\/types\/post"}],"author":[{"embeddable":true,"href":"https:\/\/soziolinguistika.eus\/fr\/wp-json\/wp\/v2\/users\/1"}],"replies":[{"embeddable":true,"href":"https:\/\/soziolinguistika.eus\/fr\/wp-json\/wp\/v2\/comments?post=12208"}],"version-history":[{"count":0,"href":"https:\/\/soziolinguistika.eus\/fr\/wp-json\/wp\/v2\/posts\/12208\/revisions"}],"wp:featuredmedia":[{"embeddable":true,"href":"https:\/\/soziolinguistika.eus\/fr\/wp-json\/wp\/v2\/media\/8737"}],"wp:attachment":[{"href":"https:\/\/soziolinguistika.eus\/fr\/wp-json\/wp\/v2\/media?parent=12208"}],"wp:term":[{"taxonomy":"category","embeddable":true,"href":"https:\/\/soziolinguistika.eus\/fr\/wp-json\/wp\/v2\/categories?post=12208"},{"taxonomy":"post_tag","embeddable":true,"href":"https:\/\/soziolinguistika.eus\/fr\/wp-json\/wp\/v2\/tags?post=12208"}],"curies":[{"name":"wp","href":"https:\/\/api.w.org\/{rel}","templated":true}]}}