{"id":12291,"date":"2014-01-09T00:00:00","date_gmt":"2014-01-08T23:00:00","guid":{"rendered":"https:\/\/soziolinguistika.eus\/2014\/01\/09\/vi-hausnartu-euskal-soziolinguistika-sarien-irabazleak\/"},"modified":"2014-01-09T00:00:00","modified_gmt":"2014-01-08T23:00:00","slug":"vi-hausnartu-euskal-soziolinguistika-sarien-irabazleak","status":"publish","type":"post","link":"https:\/\/soziolinguistika.eus\/fr\/2014\/01\/09\/vi-hausnartu-euskal-soziolinguistika-sarien-irabazleak\/","title":{"rendered":"VI. HAUSNARTU EUSKAL SOZIOLINGUISTIKA SARIEN IRABAZLEAK"},"content":{"rendered":"<p>EMUN Kooperatiba (Haritz Goikoetxea) izan da 2013ko edizioaren irabazlea, \u00ab\u00a0Lantokietako ahozko erabileraren neurketak. Interpretaziorako eta interbentziorako hainbat gako\u00a0\u00bb lanari esker.<\/p>\n<p>&nbsp;<\/p>\n<p>Soziolinguistika Klusterrak antolaturiko VI. HAUSNARTU Euskal Soziolinguistika Sariak erabaki ziren 2013ko abenduaren 20an buruturiko epai-mahaiaren bileran. Aurtengo sariak honako egile eta lanei ematea erabaki da:<\/p>\n<p>&nbsp;<\/p>\n<p>\u2022 Lehen saria, 1.500 \u20ac. \u00ab\u00a0Lantokietako ahozko erabileraren neurketak. Interpretaziorako hainbat gako\u00a0\u00bb. EMUN Koop. E. (Haritz Goikoetxea). <\/p>\n<p>&nbsp;<\/p>\n<p>\u2022 Bigarren saria, 1.000 \u20ac. \u00ab\u00a0Ingurune euskalduneko gazteak eta hizkuntza idatzia, eskolan eta eskolatik kanpo\u00a0\u00bb. Garbi\u00f1e Bereziartua. DREAM Taldea, EHU.<\/p>\n<p>&nbsp;<\/p>\n<p>\u2022 Hirugarren saria, 700 \u20ac. \u00ab\u00a0Sormen-ekosistema bat euskarazko komunikazioarentzat\u00a0\u00bb. Goio Arana, Eneko Bidegain, Txema Ega\u00f1a, Aitor Zuberogoitia. HUHEZI.<\/p>\n<p>&nbsp;<\/p>\n<p>Sari-banaketa publikoari zabalik izango den ekitaldian egingo da. Ekitaldi horren data eta lekua datozen egunetan zehaztuko da.<\/p>\n<p>&nbsp;<\/p>\n<p>Hausnartu Sariei buruzko informazio gehiago hemen: <a href=\"https:\/\/soziolinguistika.eus\/hausnartu\">https:\/\/soziolinguistika.eus\/hausnartu<\/a><\/p>\n","protected":false},"excerpt":{"rendered":"<p>EMUN Kooperatiba (Haritz Goikoetxea) izan da 2013ko edizioaren irabazlea, \u00ab\u00a0Lantokietako ahozko erabileraren neurketak. Interpretaziorako eta interbentziorako hainbat gako\u00a0\u00bb lanari esker. &nbsp; Soziolinguistika Klusterrak antolaturiko VI. HAUSNARTU Euskal Soziolinguistika Sariak erabaki ziren 2013ko abenduaren 20an buruturiko epai-mahaiaren bileran. Aurtengo sariak honako egile eta lanei ematea erabaki da: &nbsp; \u2022 Lehen saria, 1.500 \u20ac. \u00ab\u00a0Lantokietako ahozko erabileraren&#8230;<\/p>\n","protected":false},"author":1,"featured_media":0,"comment_status":"open","ping_status":"open","sticky":false,"template":"","format":"standard","meta":{"_acf_changed":false,"footnotes":""},"categories":[],"tags":[],"class_list":["post-12291","post","type-post","status-publish","format-standard","hentry"],"acf":[],"yoast_head":"<!-- This site is optimized with the Yoast SEO plugin v27.3 - https:\/\/yoast.com\/product\/yoast-seo-wordpress\/ -->\n<title>VI. HAUSNARTU EUSKAL SOZIOLINGUISTIKA SARIEN IRABAZLEAK - Soziolinguistika Klusterra<\/title>\n<meta name=\"robots\" content=\"index, follow, max-snippet:-1, max-image-preview:large, max-video-preview:-1\" \/>\n<link rel=\"canonical\" href=\"https:\/\/soziolinguistika.eus\/fr\/2014\/01\/09\/vi-hausnartu-euskal-soziolinguistika-sarien-irabazleak\/\" \/>\n<meta property=\"og:locale\" content=\"fr_FR\" \/>\n<meta property=\"og:type\" content=\"article\" \/>\n<meta property=\"og:title\" content=\"VI. HAUSNARTU EUSKAL SOZIOLINGUISTIKA SARIEN IRABAZLEAK - Soziolinguistika Klusterra\" \/>\n<meta property=\"og:description\" content=\"EMUN Kooperatiba (Haritz Goikoetxea) izan da 2013ko edizioaren irabazlea, \u00ab\u00a0Lantokietako ahozko erabileraren neurketak. Interpretaziorako eta interbentziorako hainbat gako\u00a0\u00bb lanari esker. &nbsp; Soziolinguistika Klusterrak antolaturiko VI. HAUSNARTU Euskal Soziolinguistika Sariak erabaki ziren 2013ko abenduaren 20an buruturiko epai-mahaiaren bileran. Aurtengo sariak honako egile eta lanei ematea erabaki da: &nbsp; \u2022 Lehen saria, 1.500 \u20ac. \u00ab\u00a0Lantokietako ahozko erabileraren...\" \/>\n<meta property=\"og:url\" content=\"https:\/\/soziolinguistika.eus\/fr\/2014\/01\/09\/vi-hausnartu-euskal-soziolinguistika-sarien-irabazleak\/\" \/>\n<meta property=\"og:site_name\" content=\"Soziolinguistika Klusterra\" \/>\n<meta property=\"article:published_time\" content=\"2014-01-08T23:00:00+00:00\" \/>\n<meta name=\"author\" content=\"iametza\" \/>\n<meta name=\"twitter:card\" content=\"summary_large_image\" \/>\n<meta name=\"twitter:label1\" content=\"\u00c9crit par\" \/>\n\t<meta name=\"twitter:data1\" content=\"iametza\" \/>\n\t<meta name=\"twitter:label2\" content=\"Dur\u00e9e de lecture estim\u00e9e\" \/>\n\t<meta name=\"twitter:data2\" content=\"1 minute\" \/>\n<script type=\"application\/ld+json\" class=\"yoast-schema-graph\">{\"@context\":\"https:\\\/\\\/schema.org\",\"@graph\":[{\"@type\":\"Article\",\"@id\":\"https:\\\/\\\/soziolinguistika.eus\\\/fr\\\/2014\\\/01\\\/09\\\/vi-hausnartu-euskal-soziolinguistika-sarien-irabazleak\\\/#article\",\"isPartOf\":{\"@id\":\"https:\\\/\\\/soziolinguistika.eus\\\/fr\\\/2014\\\/01\\\/09\\\/vi-hausnartu-euskal-soziolinguistika-sarien-irabazleak\\\/\"},\"author\":{\"name\":\"iametza\",\"@id\":\"https:\\\/\\\/soziolinguistika.eus\\\/fr\\\/#\\\/schema\\\/person\\\/70ce1538f9076eebb62776b06a37778e\"},\"headline\":\"VI. HAUSNARTU EUSKAL SOZIOLINGUISTIKA SARIEN IRABAZLEAK\",\"datePublished\":\"2014-01-08T23:00:00+00:00\",\"mainEntityOfPage\":{\"@id\":\"https:\\\/\\\/soziolinguistika.eus\\\/fr\\\/2014\\\/01\\\/09\\\/vi-hausnartu-euskal-soziolinguistika-sarien-irabazleak\\\/\"},\"wordCount\":132,\"commentCount\":0,\"inLanguage\":\"fr-FR\",\"potentialAction\":[{\"@type\":\"CommentAction\",\"name\":\"Comment\",\"target\":[\"https:\\\/\\\/soziolinguistika.eus\\\/fr\\\/2014\\\/01\\\/09\\\/vi-hausnartu-euskal-soziolinguistika-sarien-irabazleak\\\/#respond\"]}]},{\"@type\":\"WebPage\",\"@id\":\"https:\\\/\\\/soziolinguistika.eus\\\/fr\\\/2014\\\/01\\\/09\\\/vi-hausnartu-euskal-soziolinguistika-sarien-irabazleak\\\/\",\"url\":\"https:\\\/\\\/soziolinguistika.eus\\\/fr\\\/2014\\\/01\\\/09\\\/vi-hausnartu-euskal-soziolinguistika-sarien-irabazleak\\\/\",\"name\":\"VI. HAUSNARTU EUSKAL SOZIOLINGUISTIKA SARIEN IRABAZLEAK - Soziolinguistika Klusterra\",\"isPartOf\":{\"@id\":\"https:\\\/\\\/soziolinguistika.eus\\\/fr\\\/#website\"},\"datePublished\":\"2014-01-08T23:00:00+00:00\",\"author\":{\"@id\":\"https:\\\/\\\/soziolinguistika.eus\\\/fr\\\/#\\\/schema\\\/person\\\/70ce1538f9076eebb62776b06a37778e\"},\"breadcrumb\":{\"@id\":\"https:\\\/\\\/soziolinguistika.eus\\\/fr\\\/2014\\\/01\\\/09\\\/vi-hausnartu-euskal-soziolinguistika-sarien-irabazleak\\\/#breadcrumb\"},\"inLanguage\":\"fr-FR\",\"potentialAction\":[{\"@type\":\"ReadAction\",\"target\":[\"https:\\\/\\\/soziolinguistika.eus\\\/fr\\\/2014\\\/01\\\/09\\\/vi-hausnartu-euskal-soziolinguistika-sarien-irabazleak\\\/\"]}]},{\"@type\":\"BreadcrumbList\",\"@id\":\"https:\\\/\\\/soziolinguistika.eus\\\/fr\\\/2014\\\/01\\\/09\\\/vi-hausnartu-euskal-soziolinguistika-sarien-irabazleak\\\/#breadcrumb\",\"itemListElement\":[{\"@type\":\"ListItem\",\"position\":1,\"name\":\"Soziolinguistika klusterra\",\"item\":\"https:\\\/\\\/soziolinguistika.eus\\\/fr\\\/\"},{\"@type\":\"ListItem\",\"position\":2,\"name\":\"VI. HAUSNARTU EUSKAL SOZIOLINGUISTIKA SARIEN IRABAZLEAK\"}]},{\"@type\":\"WebSite\",\"@id\":\"https:\\\/\\\/soziolinguistika.eus\\\/fr\\\/#website\",\"url\":\"https:\\\/\\\/soziolinguistika.eus\\\/fr\\\/\",\"name\":\"Soziolinguistika Klusterra\",\"description\":\"Euskara biziberritzeko ikergunea\",\"potentialAction\":[{\"@type\":\"SearchAction\",\"target\":{\"@type\":\"EntryPoint\",\"urlTemplate\":\"https:\\\/\\\/soziolinguistika.eus\\\/fr\\\/?s={search_term_string}\"},\"query-input\":{\"@type\":\"PropertyValueSpecification\",\"valueRequired\":true,\"valueName\":\"search_term_string\"}}],\"inLanguage\":\"fr-FR\"},{\"@type\":\"Person\",\"@id\":\"https:\\\/\\\/soziolinguistika.eus\\\/fr\\\/#\\\/schema\\\/person\\\/70ce1538f9076eebb62776b06a37778e\",\"name\":\"iametza\",\"image\":{\"@type\":\"ImageObject\",\"inLanguage\":\"fr-FR\",\"@id\":\"https:\\\/\\\/secure.gravatar.com\\\/avatar\\\/d540deee73a89d6d724e7b25b2527e1e2122a11cbb7d772df60255f40a336172?s=96&d=mm&r=g\",\"url\":\"https:\\\/\\\/secure.gravatar.com\\\/avatar\\\/d540deee73a89d6d724e7b25b2527e1e2122a11cbb7d772df60255f40a336172?s=96&d=mm&r=g\",\"contentUrl\":\"https:\\\/\\\/secure.gravatar.com\\\/avatar\\\/d540deee73a89d6d724e7b25b2527e1e2122a11cbb7d772df60255f40a336172?s=96&d=mm&r=g\",\"caption\":\"iametza\"},\"url\":\"https:\\\/\\\/soziolinguistika.eus\\\/fr\\\/author\\\/iametza\\\/\"}]}<\/script>\n<!-- \/ Yoast SEO plugin. -->","yoast_head_json":{"title":"VI. HAUSNARTU EUSKAL SOZIOLINGUISTIKA SARIEN IRABAZLEAK - Soziolinguistika Klusterra","robots":{"index":"index","follow":"follow","max-snippet":"max-snippet:-1","max-image-preview":"max-image-preview:large","max-video-preview":"max-video-preview:-1"},"canonical":"https:\/\/soziolinguistika.eus\/fr\/2014\/01\/09\/vi-hausnartu-euskal-soziolinguistika-sarien-irabazleak\/","og_locale":"fr_FR","og_type":"article","og_title":"VI. HAUSNARTU EUSKAL SOZIOLINGUISTIKA SARIEN IRABAZLEAK - Soziolinguistika Klusterra","og_description":"EMUN Kooperatiba (Haritz Goikoetxea) izan da 2013ko edizioaren irabazlea, \u00ab\u00a0Lantokietako ahozko erabileraren neurketak. Interpretaziorako eta interbentziorako hainbat gako\u00a0\u00bb lanari esker. &nbsp; Soziolinguistika Klusterrak antolaturiko VI. HAUSNARTU Euskal Soziolinguistika Sariak erabaki ziren 2013ko abenduaren 20an buruturiko epai-mahaiaren bileran. Aurtengo sariak honako egile eta lanei ematea erabaki da: &nbsp; \u2022 Lehen saria, 1.500 \u20ac. \u00ab\u00a0Lantokietako ahozko erabileraren...","og_url":"https:\/\/soziolinguistika.eus\/fr\/2014\/01\/09\/vi-hausnartu-euskal-soziolinguistika-sarien-irabazleak\/","og_site_name":"Soziolinguistika Klusterra","article_published_time":"2014-01-08T23:00:00+00:00","author":"iametza","twitter_card":"summary_large_image","twitter_misc":{"\u00c9crit par":"iametza","Dur\u00e9e de lecture estim\u00e9e":"1 minute"},"schema":{"@context":"https:\/\/schema.org","@graph":[{"@type":"Article","@id":"https:\/\/soziolinguistika.eus\/fr\/2014\/01\/09\/vi-hausnartu-euskal-soziolinguistika-sarien-irabazleak\/#article","isPartOf":{"@id":"https:\/\/soziolinguistika.eus\/fr\/2014\/01\/09\/vi-hausnartu-euskal-soziolinguistika-sarien-irabazleak\/"},"author":{"name":"iametza","@id":"https:\/\/soziolinguistika.eus\/fr\/#\/schema\/person\/70ce1538f9076eebb62776b06a37778e"},"headline":"VI. HAUSNARTU EUSKAL SOZIOLINGUISTIKA SARIEN IRABAZLEAK","datePublished":"2014-01-08T23:00:00+00:00","mainEntityOfPage":{"@id":"https:\/\/soziolinguistika.eus\/fr\/2014\/01\/09\/vi-hausnartu-euskal-soziolinguistika-sarien-irabazleak\/"},"wordCount":132,"commentCount":0,"inLanguage":"fr-FR","potentialAction":[{"@type":"CommentAction","name":"Comment","target":["https:\/\/soziolinguistika.eus\/fr\/2014\/01\/09\/vi-hausnartu-euskal-soziolinguistika-sarien-irabazleak\/#respond"]}]},{"@type":"WebPage","@id":"https:\/\/soziolinguistika.eus\/fr\/2014\/01\/09\/vi-hausnartu-euskal-soziolinguistika-sarien-irabazleak\/","url":"https:\/\/soziolinguistika.eus\/fr\/2014\/01\/09\/vi-hausnartu-euskal-soziolinguistika-sarien-irabazleak\/","name":"VI. HAUSNARTU EUSKAL SOZIOLINGUISTIKA SARIEN IRABAZLEAK - Soziolinguistika Klusterra","isPartOf":{"@id":"https:\/\/soziolinguistika.eus\/fr\/#website"},"datePublished":"2014-01-08T23:00:00+00:00","author":{"@id":"https:\/\/soziolinguistika.eus\/fr\/#\/schema\/person\/70ce1538f9076eebb62776b06a37778e"},"breadcrumb":{"@id":"https:\/\/soziolinguistika.eus\/fr\/2014\/01\/09\/vi-hausnartu-euskal-soziolinguistika-sarien-irabazleak\/#breadcrumb"},"inLanguage":"fr-FR","potentialAction":[{"@type":"ReadAction","target":["https:\/\/soziolinguistika.eus\/fr\/2014\/01\/09\/vi-hausnartu-euskal-soziolinguistika-sarien-irabazleak\/"]}]},{"@type":"BreadcrumbList","@id":"https:\/\/soziolinguistika.eus\/fr\/2014\/01\/09\/vi-hausnartu-euskal-soziolinguistika-sarien-irabazleak\/#breadcrumb","itemListElement":[{"@type":"ListItem","position":1,"name":"Soziolinguistika klusterra","item":"https:\/\/soziolinguistika.eus\/fr\/"},{"@type":"ListItem","position":2,"name":"VI. HAUSNARTU EUSKAL SOZIOLINGUISTIKA SARIEN IRABAZLEAK"}]},{"@type":"WebSite","@id":"https:\/\/soziolinguistika.eus\/fr\/#website","url":"https:\/\/soziolinguistika.eus\/fr\/","name":"Soziolinguistika Klusterra","description":"Euskara biziberritzeko ikergunea","potentialAction":[{"@type":"SearchAction","target":{"@type":"EntryPoint","urlTemplate":"https:\/\/soziolinguistika.eus\/fr\/?s={search_term_string}"},"query-input":{"@type":"PropertyValueSpecification","valueRequired":true,"valueName":"search_term_string"}}],"inLanguage":"fr-FR"},{"@type":"Person","@id":"https:\/\/soziolinguistika.eus\/fr\/#\/schema\/person\/70ce1538f9076eebb62776b06a37778e","name":"iametza","image":{"@type":"ImageObject","inLanguage":"fr-FR","@id":"https:\/\/secure.gravatar.com\/avatar\/d540deee73a89d6d724e7b25b2527e1e2122a11cbb7d772df60255f40a336172?s=96&d=mm&r=g","url":"https:\/\/secure.gravatar.com\/avatar\/d540deee73a89d6d724e7b25b2527e1e2122a11cbb7d772df60255f40a336172?s=96&d=mm&r=g","contentUrl":"https:\/\/secure.gravatar.com\/avatar\/d540deee73a89d6d724e7b25b2527e1e2122a11cbb7d772df60255f40a336172?s=96&d=mm&r=g","caption":"iametza"},"url":"https:\/\/soziolinguistika.eus\/fr\/author\/iametza\/"}]}},"_links":{"self":[{"href":"https:\/\/soziolinguistika.eus\/fr\/wp-json\/wp\/v2\/posts\/12291","targetHints":{"allow":["GET"]}}],"collection":[{"href":"https:\/\/soziolinguistika.eus\/fr\/wp-json\/wp\/v2\/posts"}],"about":[{"href":"https:\/\/soziolinguistika.eus\/fr\/wp-json\/wp\/v2\/types\/post"}],"author":[{"embeddable":true,"href":"https:\/\/soziolinguistika.eus\/fr\/wp-json\/wp\/v2\/users\/1"}],"replies":[{"embeddable":true,"href":"https:\/\/soziolinguistika.eus\/fr\/wp-json\/wp\/v2\/comments?post=12291"}],"version-history":[{"count":0,"href":"https:\/\/soziolinguistika.eus\/fr\/wp-json\/wp\/v2\/posts\/12291\/revisions"}],"wp:attachment":[{"href":"https:\/\/soziolinguistika.eus\/fr\/wp-json\/wp\/v2\/media?parent=12291"}],"wp:term":[{"taxonomy":"category","embeddable":true,"href":"https:\/\/soziolinguistika.eus\/fr\/wp-json\/wp\/v2\/categories?post=12291"},{"taxonomy":"post_tag","embeddable":true,"href":"https:\/\/soziolinguistika.eus\/fr\/wp-json\/wp\/v2\/tags?post=12291"}],"curies":[{"name":"wp","href":"https:\/\/api.w.org\/{rel}","templated":true}]}}