{"id":12383,"date":"2016-09-30T00:00:00","date_gmt":"2016-09-29T23:00:00","guid":{"rendered":"https:\/\/soziolinguistika.eus\/2016\/09\/30\/publikoki-aurkeztu-da-jendaurrean-erabili-proiektua\/"},"modified":"2016-09-30T00:00:00","modified_gmt":"2016-09-29T23:00:00","slug":"publikoki-aurkeztu-da-jendaurrean-erabili-proiektua","status":"publish","type":"post","link":"https:\/\/soziolinguistika.eus\/fr\/2016\/09\/30\/publikoki-aurkeztu-da-jendaurrean-erabili-proiektua\/","title":{"rendered":"PUBLIKOKI AURKEZTU DA JENDAURREAN ERABILI PROIEKTUA"},"content":{"rendered":"<p>Soziolinguistika Klusterrak EHUrekin elkarlanean egin duen \u201cJendaurrean erabili\u201d proiektuaren aurkezpen publikoa egin da gaur Bilbon.<\/p>\n<p>Ekintza eta ikerketa uztartzen dituen proiektu honek, euskarazko komunikazio publikoa errazteko eta hobetzeko elkarlaguntzako sarea jarri du abian. Jendaurreko euskarazko komunikazioa burutzeko garaian zalantzak edo zailtasunak dituzten erakunde eta enpresei, jardun horretan laguntzeko baliabideak eskaintzen dizkie egitasmo honek. \u201cPraktika-komunitate\u201d bat osatu da horretarako, enpresa eta erakundeek elkarrengandik ikasi eta elkarri laguntzeko gunea dena.<\/p>\n<p>2015etik hona bederatzi erakundek hartu dute parte \u201cpraktika-komunitatean\u201d, horiek dira ADEGI, AEK, Athletic, UPV\/EHU, EITB, ELA, Getxoko udala, Gipuzkoako Foru Aldundia eta Guggenheim Museoa. Orain, proiektua publikoki aurkeztearekin batera, erakunde guztiei zabaltzen zaie sare horretara gehitzeko aukera.<\/p>\n<p>Ekitaldi honetan, beraz, orain arte egindako prestatze lana ezagutzera eman da, eta horrekin batera, proiektuak hemendik aurrera izango duen ibilbide publikoari hasiera eman zaio. Aurrerantzean, proiektuaren gaineko informazioa <a href=\"http:\/\/www.jendaurrean.eus\">www.jendaurrean.eus<\/a> helbidean eskuragarri egongo da.<\/p>\n<p><a class=\"colorbox colorbox-insert-image\" ref=\"magnificPopup\" href=\"https:\/\/soziolinguistika.eus\/wp-content\/uploads\/2016\/09\/IMG_0200.JPG\" rel=\"gallery-all\"><img loading=\"lazy\" decoding=\"async\" class=\" size-full wp-image-5122\" alt=\"\" class=\"image-large\" height=\"360\" src=\"https:\/\/soziolinguistika.eus\/wp-content\/uploads\/2016\/09\/IMG_0200.JPG\" width=\"480\" \/><\/a><\/p>\n<p>&nbsp;<\/p>\n<p>&nbsp;<\/p>\n","protected":false},"excerpt":{"rendered":"<p>Soziolinguistika Klusterrak EHUrekin elkarlanean egin duen \u201cJendaurrean erabili\u201d proiektuaren aurkezpen publikoa egin da gaur Bilbon. Ekintza eta ikerketa uztartzen dituen proiektu honek, euskarazko komunikazio publikoa errazteko eta hobetzeko elkarlaguntzako sarea jarri du abian. Jendaurreko euskarazko komunikazioa burutzeko garaian zalantzak edo zailtasunak dituzten erakunde eta enpresei, jardun horretan laguntzeko baliabideak eskaintzen dizkie egitasmo honek. \u201cPraktika-komunitate\u201d bat&#8230;<\/p>\n","protected":false},"author":1,"featured_media":12384,"comment_status":"open","ping_status":"open","sticky":false,"template":"","format":"standard","meta":{"_acf_changed":false,"footnotes":""},"categories":[],"tags":[],"class_list":["post-12383","post","type-post","status-publish","format-standard","has-post-thumbnail","hentry"],"acf":[],"yoast_head":"<!-- This site is optimized with the Yoast SEO plugin v27.3 - https:\/\/yoast.com\/product\/yoast-seo-wordpress\/ -->\n<title>PUBLIKOKI AURKEZTU DA JENDAURREAN ERABILI PROIEKTUA - Soziolinguistika Klusterra<\/title>\n<meta name=\"robots\" content=\"index, follow, max-snippet:-1, max-image-preview:large, max-video-preview:-1\" \/>\n<link rel=\"canonical\" href=\"https:\/\/soziolinguistika.eus\/fr\/2016\/09\/30\/publikoki-aurkeztu-da-jendaurrean-erabili-proiektua\/\" \/>\n<meta property=\"og:locale\" content=\"fr_FR\" \/>\n<meta property=\"og:type\" content=\"article\" \/>\n<meta property=\"og:title\" content=\"PUBLIKOKI AURKEZTU DA JENDAURREAN ERABILI PROIEKTUA - Soziolinguistika Klusterra\" \/>\n<meta property=\"og:description\" content=\"Soziolinguistika Klusterrak EHUrekin elkarlanean egin duen \u201cJendaurrean erabili\u201d proiektuaren aurkezpen publikoa egin da gaur Bilbon. Ekintza eta ikerketa uztartzen dituen proiektu honek, euskarazko komunikazio publikoa errazteko eta hobetzeko elkarlaguntzako sarea jarri du abian. Jendaurreko euskarazko komunikazioa burutzeko garaian zalantzak edo zailtasunak dituzten erakunde eta enpresei, jardun horretan laguntzeko baliabideak eskaintzen dizkie egitasmo honek. \u201cPraktika-komunitate\u201d bat...\" \/>\n<meta property=\"og:url\" content=\"https:\/\/soziolinguistika.eus\/fr\/2016\/09\/30\/publikoki-aurkeztu-da-jendaurrean-erabili-proiektua\/\" \/>\n<meta property=\"og:site_name\" content=\"Soziolinguistika Klusterra\" \/>\n<meta property=\"article:published_time\" content=\"2016-09-29T23:00:00+00:00\" \/>\n<meta property=\"og:image\" content=\"https:\/\/soziolinguistika.eus\/wp-content\/uploads\/2020\/02\/IMG_0200-scaled-1.jpg\" \/>\n\t<meta property=\"og:image:width\" content=\"2560\" \/>\n\t<meta property=\"og:image:height\" content=\"1920\" \/>\n\t<meta property=\"og:image:type\" content=\"image\/jpeg\" \/>\n<meta name=\"author\" content=\"iametza\" \/>\n<meta name=\"twitter:card\" content=\"summary_large_image\" \/>\n<meta name=\"twitter:label1\" content=\"\u00c9crit par\" \/>\n\t<meta name=\"twitter:data1\" content=\"iametza\" \/>\n\t<meta name=\"twitter:label2\" content=\"Dur\u00e9e de lecture estim\u00e9e\" \/>\n\t<meta name=\"twitter:data2\" content=\"1 minute\" \/>\n<script type=\"application\/ld+json\" class=\"yoast-schema-graph\">{\"@context\":\"https:\\\/\\\/schema.org\",\"@graph\":[{\"@type\":\"Article\",\"@id\":\"https:\\\/\\\/soziolinguistika.eus\\\/fr\\\/2016\\\/09\\\/30\\\/publikoki-aurkeztu-da-jendaurrean-erabili-proiektua\\\/#article\",\"isPartOf\":{\"@id\":\"https:\\\/\\\/soziolinguistika.eus\\\/fr\\\/2016\\\/09\\\/30\\\/publikoki-aurkeztu-da-jendaurrean-erabili-proiektua\\\/\"},\"author\":{\"name\":\"iametza\",\"@id\":\"https:\\\/\\\/soziolinguistika.eus\\\/fr\\\/#\\\/schema\\\/person\\\/70ce1538f9076eebb62776b06a37778e\"},\"headline\":\"PUBLIKOKI AURKEZTU DA JENDAURREAN ERABILI PROIEKTUA\",\"datePublished\":\"2016-09-29T23:00:00+00:00\",\"mainEntityOfPage\":{\"@id\":\"https:\\\/\\\/soziolinguistika.eus\\\/fr\\\/2016\\\/09\\\/30\\\/publikoki-aurkeztu-da-jendaurrean-erabili-proiektua\\\/\"},\"wordCount\":149,\"commentCount\":0,\"image\":{\"@id\":\"https:\\\/\\\/soziolinguistika.eus\\\/fr\\\/2016\\\/09\\\/30\\\/publikoki-aurkeztu-da-jendaurrean-erabili-proiektua\\\/#primaryimage\"},\"thumbnailUrl\":\"https:\\\/\\\/soziolinguistika.eus\\\/wp-content\\\/uploads\\\/2020\\\/02\\\/IMG_0200-scaled-1.jpg\",\"inLanguage\":\"fr-FR\",\"potentialAction\":[{\"@type\":\"CommentAction\",\"name\":\"Comment\",\"target\":[\"https:\\\/\\\/soziolinguistika.eus\\\/fr\\\/2016\\\/09\\\/30\\\/publikoki-aurkeztu-da-jendaurrean-erabili-proiektua\\\/#respond\"]}]},{\"@type\":\"WebPage\",\"@id\":\"https:\\\/\\\/soziolinguistika.eus\\\/fr\\\/2016\\\/09\\\/30\\\/publikoki-aurkeztu-da-jendaurrean-erabili-proiektua\\\/\",\"url\":\"https:\\\/\\\/soziolinguistika.eus\\\/fr\\\/2016\\\/09\\\/30\\\/publikoki-aurkeztu-da-jendaurrean-erabili-proiektua\\\/\",\"name\":\"PUBLIKOKI AURKEZTU DA JENDAURREAN ERABILI PROIEKTUA - Soziolinguistika Klusterra\",\"isPartOf\":{\"@id\":\"https:\\\/\\\/soziolinguistika.eus\\\/fr\\\/#website\"},\"primaryImageOfPage\":{\"@id\":\"https:\\\/\\\/soziolinguistika.eus\\\/fr\\\/2016\\\/09\\\/30\\\/publikoki-aurkeztu-da-jendaurrean-erabili-proiektua\\\/#primaryimage\"},\"image\":{\"@id\":\"https:\\\/\\\/soziolinguistika.eus\\\/fr\\\/2016\\\/09\\\/30\\\/publikoki-aurkeztu-da-jendaurrean-erabili-proiektua\\\/#primaryimage\"},\"thumbnailUrl\":\"https:\\\/\\\/soziolinguistika.eus\\\/wp-content\\\/uploads\\\/2020\\\/02\\\/IMG_0200-scaled-1.jpg\",\"datePublished\":\"2016-09-29T23:00:00+00:00\",\"author\":{\"@id\":\"https:\\\/\\\/soziolinguistika.eus\\\/fr\\\/#\\\/schema\\\/person\\\/70ce1538f9076eebb62776b06a37778e\"},\"breadcrumb\":{\"@id\":\"https:\\\/\\\/soziolinguistika.eus\\\/fr\\\/2016\\\/09\\\/30\\\/publikoki-aurkeztu-da-jendaurrean-erabili-proiektua\\\/#breadcrumb\"},\"inLanguage\":\"fr-FR\",\"potentialAction\":[{\"@type\":\"ReadAction\",\"target\":[\"https:\\\/\\\/soziolinguistika.eus\\\/fr\\\/2016\\\/09\\\/30\\\/publikoki-aurkeztu-da-jendaurrean-erabili-proiektua\\\/\"]}]},{\"@type\":\"ImageObject\",\"inLanguage\":\"fr-FR\",\"@id\":\"https:\\\/\\\/soziolinguistika.eus\\\/fr\\\/2016\\\/09\\\/30\\\/publikoki-aurkeztu-da-jendaurrean-erabili-proiektua\\\/#primaryimage\",\"url\":\"https:\\\/\\\/soziolinguistika.eus\\\/wp-content\\\/uploads\\\/2020\\\/02\\\/IMG_0200-scaled-1.jpg\",\"contentUrl\":\"https:\\\/\\\/soziolinguistika.eus\\\/wp-content\\\/uploads\\\/2020\\\/02\\\/IMG_0200-scaled-1.jpg\",\"width\":2560,\"height\":1920},{\"@type\":\"BreadcrumbList\",\"@id\":\"https:\\\/\\\/soziolinguistika.eus\\\/fr\\\/2016\\\/09\\\/30\\\/publikoki-aurkeztu-da-jendaurrean-erabili-proiektua\\\/#breadcrumb\",\"itemListElement\":[{\"@type\":\"ListItem\",\"position\":1,\"name\":\"Soziolinguistika klusterra\",\"item\":\"https:\\\/\\\/soziolinguistika.eus\\\/fr\\\/\"},{\"@type\":\"ListItem\",\"position\":2,\"name\":\"PUBLIKOKI AURKEZTU DA JENDAURREAN ERABILI PROIEKTUA\"}]},{\"@type\":\"WebSite\",\"@id\":\"https:\\\/\\\/soziolinguistika.eus\\\/fr\\\/#website\",\"url\":\"https:\\\/\\\/soziolinguistika.eus\\\/fr\\\/\",\"name\":\"Soziolinguistika Klusterra\",\"description\":\"Euskara biziberritzeko ikergunea\",\"potentialAction\":[{\"@type\":\"SearchAction\",\"target\":{\"@type\":\"EntryPoint\",\"urlTemplate\":\"https:\\\/\\\/soziolinguistika.eus\\\/fr\\\/?s={search_term_string}\"},\"query-input\":{\"@type\":\"PropertyValueSpecification\",\"valueRequired\":true,\"valueName\":\"search_term_string\"}}],\"inLanguage\":\"fr-FR\"},{\"@type\":\"Person\",\"@id\":\"https:\\\/\\\/soziolinguistika.eus\\\/fr\\\/#\\\/schema\\\/person\\\/70ce1538f9076eebb62776b06a37778e\",\"name\":\"iametza\",\"image\":{\"@type\":\"ImageObject\",\"inLanguage\":\"fr-FR\",\"@id\":\"https:\\\/\\\/secure.gravatar.com\\\/avatar\\\/d540deee73a89d6d724e7b25b2527e1e2122a11cbb7d772df60255f40a336172?s=96&d=mm&r=g\",\"url\":\"https:\\\/\\\/secure.gravatar.com\\\/avatar\\\/d540deee73a89d6d724e7b25b2527e1e2122a11cbb7d772df60255f40a336172?s=96&d=mm&r=g\",\"contentUrl\":\"https:\\\/\\\/secure.gravatar.com\\\/avatar\\\/d540deee73a89d6d724e7b25b2527e1e2122a11cbb7d772df60255f40a336172?s=96&d=mm&r=g\",\"caption\":\"iametza\"},\"url\":\"https:\\\/\\\/soziolinguistika.eus\\\/fr\\\/author\\\/iametza\\\/\"}]}<\/script>\n<!-- \/ Yoast SEO plugin. -->","yoast_head_json":{"title":"PUBLIKOKI AURKEZTU DA JENDAURREAN ERABILI PROIEKTUA - Soziolinguistika Klusterra","robots":{"index":"index","follow":"follow","max-snippet":"max-snippet:-1","max-image-preview":"max-image-preview:large","max-video-preview":"max-video-preview:-1"},"canonical":"https:\/\/soziolinguistika.eus\/fr\/2016\/09\/30\/publikoki-aurkeztu-da-jendaurrean-erabili-proiektua\/","og_locale":"fr_FR","og_type":"article","og_title":"PUBLIKOKI AURKEZTU DA JENDAURREAN ERABILI PROIEKTUA - Soziolinguistika Klusterra","og_description":"Soziolinguistika Klusterrak EHUrekin elkarlanean egin duen \u201cJendaurrean erabili\u201d proiektuaren aurkezpen publikoa egin da gaur Bilbon. Ekintza eta ikerketa uztartzen dituen proiektu honek, euskarazko komunikazio publikoa errazteko eta hobetzeko elkarlaguntzako sarea jarri du abian. Jendaurreko euskarazko komunikazioa burutzeko garaian zalantzak edo zailtasunak dituzten erakunde eta enpresei, jardun horretan laguntzeko baliabideak eskaintzen dizkie egitasmo honek. \u201cPraktika-komunitate\u201d bat...","og_url":"https:\/\/soziolinguistika.eus\/fr\/2016\/09\/30\/publikoki-aurkeztu-da-jendaurrean-erabili-proiektua\/","og_site_name":"Soziolinguistika Klusterra","article_published_time":"2016-09-29T23:00:00+00:00","og_image":[{"width":2560,"height":1920,"url":"https:\/\/soziolinguistika.eus\/wp-content\/uploads\/2020\/02\/IMG_0200-scaled-1.jpg","type":"image\/jpeg"}],"author":"iametza","twitter_card":"summary_large_image","twitter_misc":{"\u00c9crit par":"iametza","Dur\u00e9e de lecture estim\u00e9e":"1 minute"},"schema":{"@context":"https:\/\/schema.org","@graph":[{"@type":"Article","@id":"https:\/\/soziolinguistika.eus\/fr\/2016\/09\/30\/publikoki-aurkeztu-da-jendaurrean-erabili-proiektua\/#article","isPartOf":{"@id":"https:\/\/soziolinguistika.eus\/fr\/2016\/09\/30\/publikoki-aurkeztu-da-jendaurrean-erabili-proiektua\/"},"author":{"name":"iametza","@id":"https:\/\/soziolinguistika.eus\/fr\/#\/schema\/person\/70ce1538f9076eebb62776b06a37778e"},"headline":"PUBLIKOKI AURKEZTU DA JENDAURREAN ERABILI PROIEKTUA","datePublished":"2016-09-29T23:00:00+00:00","mainEntityOfPage":{"@id":"https:\/\/soziolinguistika.eus\/fr\/2016\/09\/30\/publikoki-aurkeztu-da-jendaurrean-erabili-proiektua\/"},"wordCount":149,"commentCount":0,"image":{"@id":"https:\/\/soziolinguistika.eus\/fr\/2016\/09\/30\/publikoki-aurkeztu-da-jendaurrean-erabili-proiektua\/#primaryimage"},"thumbnailUrl":"https:\/\/soziolinguistika.eus\/wp-content\/uploads\/2020\/02\/IMG_0200-scaled-1.jpg","inLanguage":"fr-FR","potentialAction":[{"@type":"CommentAction","name":"Comment","target":["https:\/\/soziolinguistika.eus\/fr\/2016\/09\/30\/publikoki-aurkeztu-da-jendaurrean-erabili-proiektua\/#respond"]}]},{"@type":"WebPage","@id":"https:\/\/soziolinguistika.eus\/fr\/2016\/09\/30\/publikoki-aurkeztu-da-jendaurrean-erabili-proiektua\/","url":"https:\/\/soziolinguistika.eus\/fr\/2016\/09\/30\/publikoki-aurkeztu-da-jendaurrean-erabili-proiektua\/","name":"PUBLIKOKI AURKEZTU DA JENDAURREAN ERABILI PROIEKTUA - Soziolinguistika Klusterra","isPartOf":{"@id":"https:\/\/soziolinguistika.eus\/fr\/#website"},"primaryImageOfPage":{"@id":"https:\/\/soziolinguistika.eus\/fr\/2016\/09\/30\/publikoki-aurkeztu-da-jendaurrean-erabili-proiektua\/#primaryimage"},"image":{"@id":"https:\/\/soziolinguistika.eus\/fr\/2016\/09\/30\/publikoki-aurkeztu-da-jendaurrean-erabili-proiektua\/#primaryimage"},"thumbnailUrl":"https:\/\/soziolinguistika.eus\/wp-content\/uploads\/2020\/02\/IMG_0200-scaled-1.jpg","datePublished":"2016-09-29T23:00:00+00:00","author":{"@id":"https:\/\/soziolinguistika.eus\/fr\/#\/schema\/person\/70ce1538f9076eebb62776b06a37778e"},"breadcrumb":{"@id":"https:\/\/soziolinguistika.eus\/fr\/2016\/09\/30\/publikoki-aurkeztu-da-jendaurrean-erabili-proiektua\/#breadcrumb"},"inLanguage":"fr-FR","potentialAction":[{"@type":"ReadAction","target":["https:\/\/soziolinguistika.eus\/fr\/2016\/09\/30\/publikoki-aurkeztu-da-jendaurrean-erabili-proiektua\/"]}]},{"@type":"ImageObject","inLanguage":"fr-FR","@id":"https:\/\/soziolinguistika.eus\/fr\/2016\/09\/30\/publikoki-aurkeztu-da-jendaurrean-erabili-proiektua\/#primaryimage","url":"https:\/\/soziolinguistika.eus\/wp-content\/uploads\/2020\/02\/IMG_0200-scaled-1.jpg","contentUrl":"https:\/\/soziolinguistika.eus\/wp-content\/uploads\/2020\/02\/IMG_0200-scaled-1.jpg","width":2560,"height":1920},{"@type":"BreadcrumbList","@id":"https:\/\/soziolinguistika.eus\/fr\/2016\/09\/30\/publikoki-aurkeztu-da-jendaurrean-erabili-proiektua\/#breadcrumb","itemListElement":[{"@type":"ListItem","position":1,"name":"Soziolinguistika klusterra","item":"https:\/\/soziolinguistika.eus\/fr\/"},{"@type":"ListItem","position":2,"name":"PUBLIKOKI AURKEZTU DA JENDAURREAN ERABILI PROIEKTUA"}]},{"@type":"WebSite","@id":"https:\/\/soziolinguistika.eus\/fr\/#website","url":"https:\/\/soziolinguistika.eus\/fr\/","name":"Soziolinguistika Klusterra","description":"Euskara biziberritzeko ikergunea","potentialAction":[{"@type":"SearchAction","target":{"@type":"EntryPoint","urlTemplate":"https:\/\/soziolinguistika.eus\/fr\/?s={search_term_string}"},"query-input":{"@type":"PropertyValueSpecification","valueRequired":true,"valueName":"search_term_string"}}],"inLanguage":"fr-FR"},{"@type":"Person","@id":"https:\/\/soziolinguistika.eus\/fr\/#\/schema\/person\/70ce1538f9076eebb62776b06a37778e","name":"iametza","image":{"@type":"ImageObject","inLanguage":"fr-FR","@id":"https:\/\/secure.gravatar.com\/avatar\/d540deee73a89d6d724e7b25b2527e1e2122a11cbb7d772df60255f40a336172?s=96&d=mm&r=g","url":"https:\/\/secure.gravatar.com\/avatar\/d540deee73a89d6d724e7b25b2527e1e2122a11cbb7d772df60255f40a336172?s=96&d=mm&r=g","contentUrl":"https:\/\/secure.gravatar.com\/avatar\/d540deee73a89d6d724e7b25b2527e1e2122a11cbb7d772df60255f40a336172?s=96&d=mm&r=g","caption":"iametza"},"url":"https:\/\/soziolinguistika.eus\/fr\/author\/iametza\/"}]}},"_links":{"self":[{"href":"https:\/\/soziolinguistika.eus\/fr\/wp-json\/wp\/v2\/posts\/12383","targetHints":{"allow":["GET"]}}],"collection":[{"href":"https:\/\/soziolinguistika.eus\/fr\/wp-json\/wp\/v2\/posts"}],"about":[{"href":"https:\/\/soziolinguistika.eus\/fr\/wp-json\/wp\/v2\/types\/post"}],"author":[{"embeddable":true,"href":"https:\/\/soziolinguistika.eus\/fr\/wp-json\/wp\/v2\/users\/1"}],"replies":[{"embeddable":true,"href":"https:\/\/soziolinguistika.eus\/fr\/wp-json\/wp\/v2\/comments?post=12383"}],"version-history":[{"count":0,"href":"https:\/\/soziolinguistika.eus\/fr\/wp-json\/wp\/v2\/posts\/12383\/revisions"}],"wp:featuredmedia":[{"embeddable":true,"href":"https:\/\/soziolinguistika.eus\/fr\/wp-json\/wp\/v2\/media\/12384"}],"wp:attachment":[{"href":"https:\/\/soziolinguistika.eus\/fr\/wp-json\/wp\/v2\/media?parent=12383"}],"wp:term":[{"taxonomy":"category","embeddable":true,"href":"https:\/\/soziolinguistika.eus\/fr\/wp-json\/wp\/v2\/categories?post=12383"},{"taxonomy":"post_tag","embeddable":true,"href":"https:\/\/soziolinguistika.eus\/fr\/wp-json\/wp\/v2\/tags?post=12383"}],"curies":[{"name":"wp","href":"https:\/\/api.w.org\/{rel}","templated":true}]}}