{"id":12411,"date":"2017-04-06T00:00:00","date_gmt":"2017-04-05T23:00:00","guid":{"rendered":"https:\/\/soziolinguistika.eus\/2017\/04\/06\/euskararen-erabilerari-buruzko-ehuko-udako-ikastaroa-uztailean\/"},"modified":"2017-04-06T00:00:00","modified_gmt":"2017-04-05T23:00:00","slug":"euskararen-erabilerari-buruzko-ehuko-udako-ikastaroa-uztailean","status":"publish","type":"post","link":"https:\/\/soziolinguistika.eus\/fr\/2017\/04\/06\/euskararen-erabilerari-buruzko-ehuko-udako-ikastaroa-uztailean\/","title":{"rendered":"Euskararen erabilerari buruzko EHUko Udako ikastaroa uztailean"},"content":{"rendered":"<p>Euskal Herriko kale-neurketak emandako emaitzak eta Inkesta Soziolinguistikoaren datuak aztertuko dira uztailaren 20an eta 21ean, Donostiako Miramar Jauregian izango den EHUko Udako Ikastaroan.<\/p>\n<p><a href=\"https:\/\/soziolinguistika.eus\/ehuikastaroa2017\"><strong>\u00ab\u00a0Euskararen erabilera: egoera, bilakaera eta norabidea datuen argitan\u00a0\u00bb<\/strong><\/a> izenburuarekin Soziolinguistika Klusterrak Eusko Jaurlaritzarekin batera antolatu du ikastaroa, eta bertan izango dira banakako saiotan<strong> Jon Aizpurua<\/strong>,<strong> I\u00f1aki Martinez de Luna<\/strong> eta <strong>Olatz Altuna<\/strong> Euskal Herriko perspektiba lantzen. Ikuspegia zabaltzeko <strong>Natxo Sorolla<\/strong> Kataluniatik eta <strong>Conch\u00far \u00d3 Giollag\u00e1in<\/strong> Eskoziatik egingo dute euren irakurketa.<\/p>\n<p>Horrez gain, hainbat mahai-inguru ere antolatu dira ertz desberdinetatik lantzeko gaia: Herri Administraziotik <strong>Miren Dobaran<\/strong>, <strong>Mikel Arregi<\/strong>&nbsp; eta <strong>Mathieu Berge<\/strong> izango dira; Gizarte eragileen aldetik <strong>Iker Salaberria<\/strong>, <strong>Iker Mart\u00ednez De Lagos <\/strong>eta <strong>Mertxe Mugika<\/strong>. Azkenik, unibertsitatearen ikuspegitik <strong>Jone Miren Hern\u00e1ndez<\/strong>, <strong>Estibaliz Amorrortu<\/strong> eta <strong>Asier Irizar<\/strong>.<\/p>\n<h4 class=\"rtecenter\">\n\t<a href=\"https:\/\/www.uik.eus\/eu\/euskararen-erabilera-egoera-bilakaera-eta-norabidea-datuen-argitan\">Dagoeneko, matrikula egiteko gunea zabalik dago EHUko webgunean bertan<\/a><\/h4>\n","protected":false},"excerpt":{"rendered":"<p>Euskal Herriko kale-neurketak emandako emaitzak eta Inkesta Soziolinguistikoaren datuak aztertuko dira uztailaren 20an eta 21ean, Donostiako Miramar Jauregian izango den EHUko Udako Ikastaroan. \u00ab\u00a0Euskararen erabilera: egoera, bilakaera eta norabidea datuen argitan\u00a0\u00bb izenburuarekin Soziolinguistika Klusterrak Eusko Jaurlaritzarekin batera antolatu du ikastaroa, eta bertan izango dira banakako saiotan Jon Aizpurua, I\u00f1aki Martinez de Luna eta Olatz Altuna&#8230;<\/p>\n","protected":false},"author":1,"featured_media":0,"comment_status":"open","ping_status":"open","sticky":false,"template":"","format":"standard","meta":{"_acf_changed":false,"footnotes":""},"categories":[],"tags":[],"class_list":["post-12411","post","type-post","status-publish","format-standard","hentry"],"acf":[],"yoast_head":"<!-- This site is optimized with the Yoast SEO plugin v27.3 - https:\/\/yoast.com\/product\/yoast-seo-wordpress\/ -->\n<title>Euskararen erabilerari buruzko EHUko Udako ikastaroa uztailean - Soziolinguistika Klusterra<\/title>\n<meta name=\"robots\" content=\"index, follow, max-snippet:-1, max-image-preview:large, max-video-preview:-1\" \/>\n<link rel=\"canonical\" href=\"https:\/\/soziolinguistika.eus\/fr\/2017\/04\/06\/euskararen-erabilerari-buruzko-ehuko-udako-ikastaroa-uztailean\/\" \/>\n<meta property=\"og:locale\" content=\"fr_FR\" \/>\n<meta property=\"og:type\" content=\"article\" \/>\n<meta property=\"og:title\" content=\"Euskararen erabilerari buruzko EHUko Udako ikastaroa uztailean - Soziolinguistika Klusterra\" \/>\n<meta property=\"og:description\" content=\"Euskal Herriko kale-neurketak emandako emaitzak eta Inkesta Soziolinguistikoaren datuak aztertuko dira uztailaren 20an eta 21ean, Donostiako Miramar Jauregian izango den EHUko Udako Ikastaroan. \u00ab\u00a0Euskararen erabilera: egoera, bilakaera eta norabidea datuen argitan\u00a0\u00bb izenburuarekin Soziolinguistika Klusterrak Eusko Jaurlaritzarekin batera antolatu du ikastaroa, eta bertan izango dira banakako saiotan Jon Aizpurua, I\u00f1aki Martinez de Luna eta Olatz Altuna...\" \/>\n<meta property=\"og:url\" content=\"https:\/\/soziolinguistika.eus\/fr\/2017\/04\/06\/euskararen-erabilerari-buruzko-ehuko-udako-ikastaroa-uztailean\/\" \/>\n<meta property=\"og:site_name\" content=\"Soziolinguistika Klusterra\" \/>\n<meta property=\"article:published_time\" content=\"2017-04-05T23:00:00+00:00\" \/>\n<meta name=\"author\" content=\"iametza\" \/>\n<meta name=\"twitter:card\" content=\"summary_large_image\" \/>\n<meta name=\"twitter:label1\" content=\"\u00c9crit par\" \/>\n\t<meta name=\"twitter:data1\" content=\"iametza\" \/>\n\t<meta name=\"twitter:label2\" content=\"Dur\u00e9e de lecture estim\u00e9e\" \/>\n\t<meta name=\"twitter:data2\" content=\"1 minute\" \/>\n<script type=\"application\/ld+json\" class=\"yoast-schema-graph\">{\"@context\":\"https:\\\/\\\/schema.org\",\"@graph\":[{\"@type\":\"Article\",\"@id\":\"https:\\\/\\\/soziolinguistika.eus\\\/fr\\\/2017\\\/04\\\/06\\\/euskararen-erabilerari-buruzko-ehuko-udako-ikastaroa-uztailean\\\/#article\",\"isPartOf\":{\"@id\":\"https:\\\/\\\/soziolinguistika.eus\\\/fr\\\/2017\\\/04\\\/06\\\/euskararen-erabilerari-buruzko-ehuko-udako-ikastaroa-uztailean\\\/\"},\"author\":{\"name\":\"iametza\",\"@id\":\"https:\\\/\\\/soziolinguistika.eus\\\/fr\\\/#\\\/schema\\\/person\\\/70ce1538f9076eebb62776b06a37778e\"},\"headline\":\"Euskararen erabilerari buruzko EHUko Udako ikastaroa uztailean\",\"datePublished\":\"2017-04-05T23:00:00+00:00\",\"mainEntityOfPage\":{\"@id\":\"https:\\\/\\\/soziolinguistika.eus\\\/fr\\\/2017\\\/04\\\/06\\\/euskararen-erabilerari-buruzko-ehuko-udako-ikastaroa-uztailean\\\/\"},\"wordCount\":139,\"commentCount\":0,\"inLanguage\":\"fr-FR\",\"potentialAction\":[{\"@type\":\"CommentAction\",\"name\":\"Comment\",\"target\":[\"https:\\\/\\\/soziolinguistika.eus\\\/fr\\\/2017\\\/04\\\/06\\\/euskararen-erabilerari-buruzko-ehuko-udako-ikastaroa-uztailean\\\/#respond\"]}]},{\"@type\":\"WebPage\",\"@id\":\"https:\\\/\\\/soziolinguistika.eus\\\/fr\\\/2017\\\/04\\\/06\\\/euskararen-erabilerari-buruzko-ehuko-udako-ikastaroa-uztailean\\\/\",\"url\":\"https:\\\/\\\/soziolinguistika.eus\\\/fr\\\/2017\\\/04\\\/06\\\/euskararen-erabilerari-buruzko-ehuko-udako-ikastaroa-uztailean\\\/\",\"name\":\"Euskararen erabilerari buruzko EHUko Udako ikastaroa uztailean - Soziolinguistika Klusterra\",\"isPartOf\":{\"@id\":\"https:\\\/\\\/soziolinguistika.eus\\\/fr\\\/#website\"},\"datePublished\":\"2017-04-05T23:00:00+00:00\",\"author\":{\"@id\":\"https:\\\/\\\/soziolinguistika.eus\\\/fr\\\/#\\\/schema\\\/person\\\/70ce1538f9076eebb62776b06a37778e\"},\"breadcrumb\":{\"@id\":\"https:\\\/\\\/soziolinguistika.eus\\\/fr\\\/2017\\\/04\\\/06\\\/euskararen-erabilerari-buruzko-ehuko-udako-ikastaroa-uztailean\\\/#breadcrumb\"},\"inLanguage\":\"fr-FR\",\"potentialAction\":[{\"@type\":\"ReadAction\",\"target\":[\"https:\\\/\\\/soziolinguistika.eus\\\/fr\\\/2017\\\/04\\\/06\\\/euskararen-erabilerari-buruzko-ehuko-udako-ikastaroa-uztailean\\\/\"]}]},{\"@type\":\"BreadcrumbList\",\"@id\":\"https:\\\/\\\/soziolinguistika.eus\\\/fr\\\/2017\\\/04\\\/06\\\/euskararen-erabilerari-buruzko-ehuko-udako-ikastaroa-uztailean\\\/#breadcrumb\",\"itemListElement\":[{\"@type\":\"ListItem\",\"position\":1,\"name\":\"Soziolinguistika klusterra\",\"item\":\"https:\\\/\\\/soziolinguistika.eus\\\/fr\\\/\"},{\"@type\":\"ListItem\",\"position\":2,\"name\":\"Euskararen erabilerari buruzko EHUko Udako ikastaroa uztailean\"}]},{\"@type\":\"WebSite\",\"@id\":\"https:\\\/\\\/soziolinguistika.eus\\\/fr\\\/#website\",\"url\":\"https:\\\/\\\/soziolinguistika.eus\\\/fr\\\/\",\"name\":\"Soziolinguistika Klusterra\",\"description\":\"Euskara biziberritzeko ikergunea\",\"potentialAction\":[{\"@type\":\"SearchAction\",\"target\":{\"@type\":\"EntryPoint\",\"urlTemplate\":\"https:\\\/\\\/soziolinguistika.eus\\\/fr\\\/?s={search_term_string}\"},\"query-input\":{\"@type\":\"PropertyValueSpecification\",\"valueRequired\":true,\"valueName\":\"search_term_string\"}}],\"inLanguage\":\"fr-FR\"},{\"@type\":\"Person\",\"@id\":\"https:\\\/\\\/soziolinguistika.eus\\\/fr\\\/#\\\/schema\\\/person\\\/70ce1538f9076eebb62776b06a37778e\",\"name\":\"iametza\",\"image\":{\"@type\":\"ImageObject\",\"inLanguage\":\"fr-FR\",\"@id\":\"https:\\\/\\\/secure.gravatar.com\\\/avatar\\\/d540deee73a89d6d724e7b25b2527e1e2122a11cbb7d772df60255f40a336172?s=96&d=mm&r=g\",\"url\":\"https:\\\/\\\/secure.gravatar.com\\\/avatar\\\/d540deee73a89d6d724e7b25b2527e1e2122a11cbb7d772df60255f40a336172?s=96&d=mm&r=g\",\"contentUrl\":\"https:\\\/\\\/secure.gravatar.com\\\/avatar\\\/d540deee73a89d6d724e7b25b2527e1e2122a11cbb7d772df60255f40a336172?s=96&d=mm&r=g\",\"caption\":\"iametza\"},\"url\":\"https:\\\/\\\/soziolinguistika.eus\\\/fr\\\/author\\\/iametza\\\/\"}]}<\/script>\n<!-- \/ Yoast SEO plugin. -->","yoast_head_json":{"title":"Euskararen erabilerari buruzko EHUko Udako ikastaroa uztailean - Soziolinguistika Klusterra","robots":{"index":"index","follow":"follow","max-snippet":"max-snippet:-1","max-image-preview":"max-image-preview:large","max-video-preview":"max-video-preview:-1"},"canonical":"https:\/\/soziolinguistika.eus\/fr\/2017\/04\/06\/euskararen-erabilerari-buruzko-ehuko-udako-ikastaroa-uztailean\/","og_locale":"fr_FR","og_type":"article","og_title":"Euskararen erabilerari buruzko EHUko Udako ikastaroa uztailean - Soziolinguistika Klusterra","og_description":"Euskal Herriko kale-neurketak emandako emaitzak eta Inkesta Soziolinguistikoaren datuak aztertuko dira uztailaren 20an eta 21ean, Donostiako Miramar Jauregian izango den EHUko Udako Ikastaroan. \u00ab\u00a0Euskararen erabilera: egoera, bilakaera eta norabidea datuen argitan\u00a0\u00bb izenburuarekin Soziolinguistika Klusterrak Eusko Jaurlaritzarekin batera antolatu du ikastaroa, eta bertan izango dira banakako saiotan Jon Aizpurua, I\u00f1aki Martinez de Luna eta Olatz Altuna...","og_url":"https:\/\/soziolinguistika.eus\/fr\/2017\/04\/06\/euskararen-erabilerari-buruzko-ehuko-udako-ikastaroa-uztailean\/","og_site_name":"Soziolinguistika Klusterra","article_published_time":"2017-04-05T23:00:00+00:00","author":"iametza","twitter_card":"summary_large_image","twitter_misc":{"\u00c9crit par":"iametza","Dur\u00e9e de lecture estim\u00e9e":"1 minute"},"schema":{"@context":"https:\/\/schema.org","@graph":[{"@type":"Article","@id":"https:\/\/soziolinguistika.eus\/fr\/2017\/04\/06\/euskararen-erabilerari-buruzko-ehuko-udako-ikastaroa-uztailean\/#article","isPartOf":{"@id":"https:\/\/soziolinguistika.eus\/fr\/2017\/04\/06\/euskararen-erabilerari-buruzko-ehuko-udako-ikastaroa-uztailean\/"},"author":{"name":"iametza","@id":"https:\/\/soziolinguistika.eus\/fr\/#\/schema\/person\/70ce1538f9076eebb62776b06a37778e"},"headline":"Euskararen erabilerari buruzko EHUko Udako ikastaroa uztailean","datePublished":"2017-04-05T23:00:00+00:00","mainEntityOfPage":{"@id":"https:\/\/soziolinguistika.eus\/fr\/2017\/04\/06\/euskararen-erabilerari-buruzko-ehuko-udako-ikastaroa-uztailean\/"},"wordCount":139,"commentCount":0,"inLanguage":"fr-FR","potentialAction":[{"@type":"CommentAction","name":"Comment","target":["https:\/\/soziolinguistika.eus\/fr\/2017\/04\/06\/euskararen-erabilerari-buruzko-ehuko-udako-ikastaroa-uztailean\/#respond"]}]},{"@type":"WebPage","@id":"https:\/\/soziolinguistika.eus\/fr\/2017\/04\/06\/euskararen-erabilerari-buruzko-ehuko-udako-ikastaroa-uztailean\/","url":"https:\/\/soziolinguistika.eus\/fr\/2017\/04\/06\/euskararen-erabilerari-buruzko-ehuko-udako-ikastaroa-uztailean\/","name":"Euskararen erabilerari buruzko EHUko Udako ikastaroa uztailean - Soziolinguistika Klusterra","isPartOf":{"@id":"https:\/\/soziolinguistika.eus\/fr\/#website"},"datePublished":"2017-04-05T23:00:00+00:00","author":{"@id":"https:\/\/soziolinguistika.eus\/fr\/#\/schema\/person\/70ce1538f9076eebb62776b06a37778e"},"breadcrumb":{"@id":"https:\/\/soziolinguistika.eus\/fr\/2017\/04\/06\/euskararen-erabilerari-buruzko-ehuko-udako-ikastaroa-uztailean\/#breadcrumb"},"inLanguage":"fr-FR","potentialAction":[{"@type":"ReadAction","target":["https:\/\/soziolinguistika.eus\/fr\/2017\/04\/06\/euskararen-erabilerari-buruzko-ehuko-udako-ikastaroa-uztailean\/"]}]},{"@type":"BreadcrumbList","@id":"https:\/\/soziolinguistika.eus\/fr\/2017\/04\/06\/euskararen-erabilerari-buruzko-ehuko-udako-ikastaroa-uztailean\/#breadcrumb","itemListElement":[{"@type":"ListItem","position":1,"name":"Soziolinguistika klusterra","item":"https:\/\/soziolinguistika.eus\/fr\/"},{"@type":"ListItem","position":2,"name":"Euskararen erabilerari buruzko EHUko Udako ikastaroa uztailean"}]},{"@type":"WebSite","@id":"https:\/\/soziolinguistika.eus\/fr\/#website","url":"https:\/\/soziolinguistika.eus\/fr\/","name":"Soziolinguistika Klusterra","description":"Euskara biziberritzeko ikergunea","potentialAction":[{"@type":"SearchAction","target":{"@type":"EntryPoint","urlTemplate":"https:\/\/soziolinguistika.eus\/fr\/?s={search_term_string}"},"query-input":{"@type":"PropertyValueSpecification","valueRequired":true,"valueName":"search_term_string"}}],"inLanguage":"fr-FR"},{"@type":"Person","@id":"https:\/\/soziolinguistika.eus\/fr\/#\/schema\/person\/70ce1538f9076eebb62776b06a37778e","name":"iametza","image":{"@type":"ImageObject","inLanguage":"fr-FR","@id":"https:\/\/secure.gravatar.com\/avatar\/d540deee73a89d6d724e7b25b2527e1e2122a11cbb7d772df60255f40a336172?s=96&d=mm&r=g","url":"https:\/\/secure.gravatar.com\/avatar\/d540deee73a89d6d724e7b25b2527e1e2122a11cbb7d772df60255f40a336172?s=96&d=mm&r=g","contentUrl":"https:\/\/secure.gravatar.com\/avatar\/d540deee73a89d6d724e7b25b2527e1e2122a11cbb7d772df60255f40a336172?s=96&d=mm&r=g","caption":"iametza"},"url":"https:\/\/soziolinguistika.eus\/fr\/author\/iametza\/"}]}},"_links":{"self":[{"href":"https:\/\/soziolinguistika.eus\/fr\/wp-json\/wp\/v2\/posts\/12411","targetHints":{"allow":["GET"]}}],"collection":[{"href":"https:\/\/soziolinguistika.eus\/fr\/wp-json\/wp\/v2\/posts"}],"about":[{"href":"https:\/\/soziolinguistika.eus\/fr\/wp-json\/wp\/v2\/types\/post"}],"author":[{"embeddable":true,"href":"https:\/\/soziolinguistika.eus\/fr\/wp-json\/wp\/v2\/users\/1"}],"replies":[{"embeddable":true,"href":"https:\/\/soziolinguistika.eus\/fr\/wp-json\/wp\/v2\/comments?post=12411"}],"version-history":[{"count":0,"href":"https:\/\/soziolinguistika.eus\/fr\/wp-json\/wp\/v2\/posts\/12411\/revisions"}],"wp:attachment":[{"href":"https:\/\/soziolinguistika.eus\/fr\/wp-json\/wp\/v2\/media?parent=12411"}],"wp:term":[{"taxonomy":"category","embeddable":true,"href":"https:\/\/soziolinguistika.eus\/fr\/wp-json\/wp\/v2\/categories?post=12411"},{"taxonomy":"post_tag","embeddable":true,"href":"https:\/\/soziolinguistika.eus\/fr\/wp-json\/wp\/v2\/tags?post=12411"}],"curies":[{"name":"wp","href":"https:\/\/api.w.org\/{rel}","templated":true}]}}