{"id":12583,"date":"2019-02-28T00:00:00","date_gmt":"2019-02-27T23:00:00","guid":{"rendered":"https:\/\/soziolinguistika.eus\/2019\/02\/28\/mintegia-galesen-gazteen-artean-hizkuntza-gutxituak-sustatzeko-ekimenen-ebaluazioa\/"},"modified":"2019-02-28T00:00:00","modified_gmt":"2019-02-27T23:00:00","slug":"mintegia-galesen-gazteen-artean-hizkuntza-gutxituak-sustatzeko-ekimenen-ebaluazioa","status":"publish","type":"post","link":"https:\/\/soziolinguistika.eus\/fr\/2019\/02\/28\/mintegia-galesen-gazteen-artean-hizkuntza-gutxituak-sustatzeko-ekimenen-ebaluazioa\/","title":{"rendered":"Mintegia Galesen: gazteen artean hizkuntza gutxituak sustatzeko ekimenen ebaluazioa"},"content":{"rendered":"<p class=\"rtejustify\"><span><span>Otsailaren 25 eta 26an Cardiffeko Urdd Centre gunean <strong>gazteen artean hizkuntza gutxituen erabilera sustatzeko egitasmoen ebaluazioari buruzko mintegia<\/strong> egin zen, <a href=\"https:\/\/www.aber.ac.uk\/cy\/\">Aberystwyth-eko Unibertsitatea<\/a>k, <a href=\"https:\/\/wiserd.ac.uk\/\">Wiserd<\/a> eta <a href=\"http:\/\/cwps.aber.ac.uk\/cy\/\">Galeseko Gizarte eta Politikarako Zentroa<\/a>k antolatuta. Nagusiki Gales, Eskozia eta Irlandako ikerlari eta profesionalei zuzendutako lantegian, ebaluazioari buruzko eztabaida eta hausnarketa egin da. Talde-lanera bideratutako hainbat saio izan dira, lurralde bakoitzeko kasu arrakastatsuak eta praktika onak ezagutzeko aukeraz gain. <\/span><\/span><\/p>\n<p class=\"rtejustify\"><span><span>Soziolinguistika Klusterrak mintegian parte hartzeko gonbidapena jaso zuen, Euskal Herriko esperientziak eztabaidagai egon zitezen. Asier Basurto parte hartu du, <a href=\"https:\/\/issuu.com\/skluster\/docs\/gida-eusk\">behaketa bidez hizkuntza erabilera neurtzeko metodoa<\/a>ren inguruko azalpenak emanez eta <a href=\"http:\/\/soziolinguistika-drupal.ametza.com\/wp-content\/uploads\/2019\/02\/erabileraren_gpsa-_liburuxka-z2.pdf\"><span>Gazteen hizkuntza erabileran<\/span><span>kokatu eta bertan esku-hartzeko<\/span><\/a><span><a href=\"http:\/\/soziolinguistika-drupal.ametza.com\/wp-content\/uploads\/2019\/02\/erabileraren_gpsa-_liburuxka-z2.pdf\"> gida<\/a> aurkeztuz.<\/span><\/span><\/span><\/p>\n<p class=\"rtejustify\">&nbsp;<\/p>\n<p><span><span><span><a class=\"colorbox colorbox-insert-image\" data-colorbox-gallery=\"gallery-all\" ref=\"magnificPopup\" href=\"https:\/\/soziolinguistika.eus\/wp-content\/uploads\/2019\/02\/p1111171.jpg\"><img loading=\"lazy\" decoding=\"async\" class=\" size-full wp-image-5382\" alt=\"\" class=\"image-large\" height=\"270\" src=\"https:\/\/soziolinguistika.eus\/wp-content\/uploads\/2019\/02\/p1111171.jpg\" width=\"480\" \/> <\/a> <a class=\"colorbox colorbox-insert-image\" data-colorbox-gallery=\"gallery-all\" ref=\"magnificPopup\" href=\"https:\/\/soziolinguistika.eus\/wp-content\/uploads\/2019\/02\/p1111150.jpg\"><img loading=\"lazy\" decoding=\"async\" class=\" size-full wp-image-5384\" alt=\"\" class=\"image-large\" height=\"270\" src=\"https:\/\/soziolinguistika.eus\/wp-content\/uploads\/2019\/02\/p1111150.jpg\" width=\"480\" \/><\/a><\/span><\/span><\/span><\/p>\n<p><span><span><span><a class=\"colorbox colorbox-insert-image\" data-colorbox-gallery=\"gallery-all\" ref=\"magnificPopup\" href=\"https:\/\/soziolinguistika.eus\/wp-content\/uploads\/2019\/02\/p1111147.jpg\"><img loading=\"lazy\" decoding=\"async\" class=\" size-full wp-image-5385\" alt=\"\" class=\"image-large\" height=\"270\" src=\"https:\/\/soziolinguistika.eus\/wp-content\/uploads\/2019\/02\/p1111147.jpg\" width=\"480\" \/> <\/a> <a class=\"colorbox colorbox-insert-image\" data-colorbox-gallery=\"gallery-all\" ref=\"magnificPopup\" href=\"https:\/\/soziolinguistika.eus\/wp-content\/uploads\/2020\/02\/img_0198-scaled-1.jpg\"><img loading=\"lazy\" decoding=\"async\" class=\" size-full wp-image-5387\" alt=\"\" class=\"image-large\" height=\"360\" src=\"https:\/\/soziolinguistika.eus\/wp-content\/uploads\/2020\/02\/img_0198-scaled-1.jpg\" width=\"480\" \/><\/a><\/span><\/span><\/span><\/p>\n<p><span><span><span><a class=\"colorbox colorbox-insert-image\" data-colorbox-gallery=\"gallery-all\" ref=\"magnificPopup\" href=\"https:\/\/soziolinguistika.eus\/wp-content\/uploads\/2019\/02\/p1111037.jpg\"><img loading=\"lazy\" decoding=\"async\" class=\" size-full wp-image-5388\" alt=\"\" class=\"image-large\" height=\"270\" src=\"https:\/\/soziolinguistika.eus\/wp-content\/uploads\/2019\/02\/p1111037.jpg\" width=\"480\" \/><\/a><\/span><\/span><\/span><span><span><span><a class=\"colorbox colorbox-insert-image\" data-colorbox-gallery=\"gallery-all\" ref=\"magnificPopup\" href=\"https:\/\/soziolinguistika.eus\/wp-content\/uploads\/2019\/02\/p1111018.jpg\"> <img loading=\"lazy\" decoding=\"async\" class=\" size-full wp-image-5389\" alt=\"\" class=\"image-large\" height=\"270\" src=\"https:\/\/soziolinguistika.eus\/wp-content\/uploads\/2019\/02\/p1111018.jpg\" width=\"480\" \/> <\/a> <a class=\"colorbox colorbox-insert-image\" data-colorbox-gallery=\"gallery-all\" ref=\"magnificPopup\" href=\"https:\/\/soziolinguistika.eus\/wp-content\/uploads\/2019\/02\/p1111018.jpg\"> <\/a> <\/span><\/span><\/span><\/p>\n","protected":false},"excerpt":{"rendered":"<p>Otsailaren 25 eta 26an Cardiffeko Urdd Centre gunean gazteen artean hizkuntza gutxituen erabilera sustatzeko egitasmoen ebaluazioari buruzko mintegia egin zen, Aberystwyth-eko Unibertsitateak, Wiserd eta Galeseko Gizarte eta Politikarako Zentroak antolatuta. Nagusiki Gales, Eskozia eta Irlandako ikerlari eta profesionalei zuzendutako lantegian, ebaluazioari buruzko eztabaida eta hausnarketa egin da. Talde-lanera bideratutako hainbat saio izan dira, lurralde bakoitzeko&#8230;<\/p>\n","protected":false},"author":1,"featured_media":10663,"comment_status":"open","ping_status":"open","sticky":false,"template":"","format":"standard","meta":{"_acf_changed":false,"footnotes":""},"categories":[],"tags":[],"class_list":["post-12583","post","type-post","status-publish","format-standard","has-post-thumbnail","hentry"],"acf":[],"yoast_head":"<!-- This site is optimized with the Yoast SEO plugin v27.3 - https:\/\/yoast.com\/product\/yoast-seo-wordpress\/ -->\n<title>Mintegia Galesen: gazteen artean hizkuntza gutxituak sustatzeko ekimenen ebaluazioa - Soziolinguistika Klusterra<\/title>\n<meta name=\"robots\" content=\"index, follow, max-snippet:-1, max-image-preview:large, max-video-preview:-1\" \/>\n<link rel=\"canonical\" href=\"https:\/\/soziolinguistika.eus\/fr\/2019\/02\/28\/mintegia-galesen-gazteen-artean-hizkuntza-gutxituak-sustatzeko-ekimenen-ebaluazioa\/\" \/>\n<meta property=\"og:locale\" content=\"fr_FR\" \/>\n<meta property=\"og:type\" content=\"article\" \/>\n<meta property=\"og:title\" content=\"Mintegia Galesen: gazteen artean hizkuntza gutxituak sustatzeko ekimenen ebaluazioa - Soziolinguistika Klusterra\" \/>\n<meta property=\"og:description\" content=\"Otsailaren 25 eta 26an Cardiffeko Urdd Centre gunean gazteen artean hizkuntza gutxituen erabilera sustatzeko egitasmoen ebaluazioari buruzko mintegia egin zen, Aberystwyth-eko Unibertsitateak, Wiserd eta Galeseko Gizarte eta Politikarako Zentroak antolatuta. Nagusiki Gales, Eskozia eta Irlandako ikerlari eta profesionalei zuzendutako lantegian, ebaluazioari buruzko eztabaida eta hausnarketa egin da. Talde-lanera bideratutako hainbat saio izan dira, lurralde bakoitzeko...\" \/>\n<meta property=\"og:url\" content=\"https:\/\/soziolinguistika.eus\/fr\/2019\/02\/28\/mintegia-galesen-gazteen-artean-hizkuntza-gutxituak-sustatzeko-ekimenen-ebaluazioa\/\" \/>\n<meta property=\"og:site_name\" content=\"Soziolinguistika Klusterra\" \/>\n<meta property=\"article:published_time\" content=\"2019-02-27T23:00:00+00:00\" \/>\n<meta property=\"og:image\" content=\"https:\/\/soziolinguistika.eus\/wp-content\/uploads\/2019\/02\/p1111171.jpg\" \/>\n\t<meta property=\"og:image:width\" content=\"480\" \/>\n\t<meta property=\"og:image:height\" content=\"270\" \/>\n\t<meta property=\"og:image:type\" content=\"image\/jpeg\" \/>\n<meta name=\"author\" content=\"iametza\" \/>\n<meta name=\"twitter:card\" content=\"summary_large_image\" \/>\n<meta name=\"twitter:label1\" content=\"\u00c9crit par\" \/>\n\t<meta name=\"twitter:data1\" content=\"iametza\" \/>\n\t<meta name=\"twitter:label2\" content=\"Dur\u00e9e de lecture estim\u00e9e\" \/>\n\t<meta name=\"twitter:data2\" content=\"1 minute\" \/>\n<script type=\"application\/ld+json\" class=\"yoast-schema-graph\">{\"@context\":\"https:\\\/\\\/schema.org\",\"@graph\":[{\"@type\":\"Article\",\"@id\":\"https:\\\/\\\/soziolinguistika.eus\\\/fr\\\/2019\\\/02\\\/28\\\/mintegia-galesen-gazteen-artean-hizkuntza-gutxituak-sustatzeko-ekimenen-ebaluazioa\\\/#article\",\"isPartOf\":{\"@id\":\"https:\\\/\\\/soziolinguistika.eus\\\/fr\\\/2019\\\/02\\\/28\\\/mintegia-galesen-gazteen-artean-hizkuntza-gutxituak-sustatzeko-ekimenen-ebaluazioa\\\/\"},\"author\":{\"name\":\"iametza\",\"@id\":\"https:\\\/\\\/soziolinguistika.eus\\\/fr\\\/#\\\/schema\\\/person\\\/70ce1538f9076eebb62776b06a37778e\"},\"headline\":\"Mintegia Galesen: gazteen artean hizkuntza gutxituak sustatzeko ekimenen ebaluazioa\",\"datePublished\":\"2019-02-27T23:00:00+00:00\",\"mainEntityOfPage\":{\"@id\":\"https:\\\/\\\/soziolinguistika.eus\\\/fr\\\/2019\\\/02\\\/28\\\/mintegia-galesen-gazteen-artean-hizkuntza-gutxituak-sustatzeko-ekimenen-ebaluazioa\\\/\"},\"wordCount\":110,\"commentCount\":0,\"image\":{\"@id\":\"https:\\\/\\\/soziolinguistika.eus\\\/fr\\\/2019\\\/02\\\/28\\\/mintegia-galesen-gazteen-artean-hizkuntza-gutxituak-sustatzeko-ekimenen-ebaluazioa\\\/#primaryimage\"},\"thumbnailUrl\":\"https:\\\/\\\/soziolinguistika.eus\\\/wp-content\\\/uploads\\\/2019\\\/02\\\/p1111171.jpg\",\"inLanguage\":\"fr-FR\",\"potentialAction\":[{\"@type\":\"CommentAction\",\"name\":\"Comment\",\"target\":[\"https:\\\/\\\/soziolinguistika.eus\\\/fr\\\/2019\\\/02\\\/28\\\/mintegia-galesen-gazteen-artean-hizkuntza-gutxituak-sustatzeko-ekimenen-ebaluazioa\\\/#respond\"]}]},{\"@type\":\"WebPage\",\"@id\":\"https:\\\/\\\/soziolinguistika.eus\\\/fr\\\/2019\\\/02\\\/28\\\/mintegia-galesen-gazteen-artean-hizkuntza-gutxituak-sustatzeko-ekimenen-ebaluazioa\\\/\",\"url\":\"https:\\\/\\\/soziolinguistika.eus\\\/fr\\\/2019\\\/02\\\/28\\\/mintegia-galesen-gazteen-artean-hizkuntza-gutxituak-sustatzeko-ekimenen-ebaluazioa\\\/\",\"name\":\"Mintegia Galesen: gazteen artean hizkuntza gutxituak sustatzeko ekimenen ebaluazioa - Soziolinguistika Klusterra\",\"isPartOf\":{\"@id\":\"https:\\\/\\\/soziolinguistika.eus\\\/fr\\\/#website\"},\"primaryImageOfPage\":{\"@id\":\"https:\\\/\\\/soziolinguistika.eus\\\/fr\\\/2019\\\/02\\\/28\\\/mintegia-galesen-gazteen-artean-hizkuntza-gutxituak-sustatzeko-ekimenen-ebaluazioa\\\/#primaryimage\"},\"image\":{\"@id\":\"https:\\\/\\\/soziolinguistika.eus\\\/fr\\\/2019\\\/02\\\/28\\\/mintegia-galesen-gazteen-artean-hizkuntza-gutxituak-sustatzeko-ekimenen-ebaluazioa\\\/#primaryimage\"},\"thumbnailUrl\":\"https:\\\/\\\/soziolinguistika.eus\\\/wp-content\\\/uploads\\\/2019\\\/02\\\/p1111171.jpg\",\"datePublished\":\"2019-02-27T23:00:00+00:00\",\"author\":{\"@id\":\"https:\\\/\\\/soziolinguistika.eus\\\/fr\\\/#\\\/schema\\\/person\\\/70ce1538f9076eebb62776b06a37778e\"},\"breadcrumb\":{\"@id\":\"https:\\\/\\\/soziolinguistika.eus\\\/fr\\\/2019\\\/02\\\/28\\\/mintegia-galesen-gazteen-artean-hizkuntza-gutxituak-sustatzeko-ekimenen-ebaluazioa\\\/#breadcrumb\"},\"inLanguage\":\"fr-FR\",\"potentialAction\":[{\"@type\":\"ReadAction\",\"target\":[\"https:\\\/\\\/soziolinguistika.eus\\\/fr\\\/2019\\\/02\\\/28\\\/mintegia-galesen-gazteen-artean-hizkuntza-gutxituak-sustatzeko-ekimenen-ebaluazioa\\\/\"]}]},{\"@type\":\"ImageObject\",\"inLanguage\":\"fr-FR\",\"@id\":\"https:\\\/\\\/soziolinguistika.eus\\\/fr\\\/2019\\\/02\\\/28\\\/mintegia-galesen-gazteen-artean-hizkuntza-gutxituak-sustatzeko-ekimenen-ebaluazioa\\\/#primaryimage\",\"url\":\"https:\\\/\\\/soziolinguistika.eus\\\/wp-content\\\/uploads\\\/2019\\\/02\\\/p1111171.jpg\",\"contentUrl\":\"https:\\\/\\\/soziolinguistika.eus\\\/wp-content\\\/uploads\\\/2019\\\/02\\\/p1111171.jpg\",\"width\":480,\"height\":270},{\"@type\":\"BreadcrumbList\",\"@id\":\"https:\\\/\\\/soziolinguistika.eus\\\/fr\\\/2019\\\/02\\\/28\\\/mintegia-galesen-gazteen-artean-hizkuntza-gutxituak-sustatzeko-ekimenen-ebaluazioa\\\/#breadcrumb\",\"itemListElement\":[{\"@type\":\"ListItem\",\"position\":1,\"name\":\"Soziolinguistika klusterra\",\"item\":\"https:\\\/\\\/soziolinguistika.eus\\\/fr\\\/\"},{\"@type\":\"ListItem\",\"position\":2,\"name\":\"Mintegia Galesen: gazteen artean hizkuntza gutxituak sustatzeko ekimenen ebaluazioa\"}]},{\"@type\":\"WebSite\",\"@id\":\"https:\\\/\\\/soziolinguistika.eus\\\/fr\\\/#website\",\"url\":\"https:\\\/\\\/soziolinguistika.eus\\\/fr\\\/\",\"name\":\"Soziolinguistika Klusterra\",\"description\":\"Euskara biziberritzeko ikergunea\",\"potentialAction\":[{\"@type\":\"SearchAction\",\"target\":{\"@type\":\"EntryPoint\",\"urlTemplate\":\"https:\\\/\\\/soziolinguistika.eus\\\/fr\\\/?s={search_term_string}\"},\"query-input\":{\"@type\":\"PropertyValueSpecification\",\"valueRequired\":true,\"valueName\":\"search_term_string\"}}],\"inLanguage\":\"fr-FR\"},{\"@type\":\"Person\",\"@id\":\"https:\\\/\\\/soziolinguistika.eus\\\/fr\\\/#\\\/schema\\\/person\\\/70ce1538f9076eebb62776b06a37778e\",\"name\":\"iametza\",\"image\":{\"@type\":\"ImageObject\",\"inLanguage\":\"fr-FR\",\"@id\":\"https:\\\/\\\/secure.gravatar.com\\\/avatar\\\/d540deee73a89d6d724e7b25b2527e1e2122a11cbb7d772df60255f40a336172?s=96&d=mm&r=g\",\"url\":\"https:\\\/\\\/secure.gravatar.com\\\/avatar\\\/d540deee73a89d6d724e7b25b2527e1e2122a11cbb7d772df60255f40a336172?s=96&d=mm&r=g\",\"contentUrl\":\"https:\\\/\\\/secure.gravatar.com\\\/avatar\\\/d540deee73a89d6d724e7b25b2527e1e2122a11cbb7d772df60255f40a336172?s=96&d=mm&r=g\",\"caption\":\"iametza\"},\"url\":\"https:\\\/\\\/soziolinguistika.eus\\\/fr\\\/author\\\/iametza\\\/\"}]}<\/script>\n<!-- \/ Yoast SEO plugin. -->","yoast_head_json":{"title":"Mintegia Galesen: gazteen artean hizkuntza gutxituak sustatzeko ekimenen ebaluazioa - Soziolinguistika Klusterra","robots":{"index":"index","follow":"follow","max-snippet":"max-snippet:-1","max-image-preview":"max-image-preview:large","max-video-preview":"max-video-preview:-1"},"canonical":"https:\/\/soziolinguistika.eus\/fr\/2019\/02\/28\/mintegia-galesen-gazteen-artean-hizkuntza-gutxituak-sustatzeko-ekimenen-ebaluazioa\/","og_locale":"fr_FR","og_type":"article","og_title":"Mintegia Galesen: gazteen artean hizkuntza gutxituak sustatzeko ekimenen ebaluazioa - Soziolinguistika Klusterra","og_description":"Otsailaren 25 eta 26an Cardiffeko Urdd Centre gunean gazteen artean hizkuntza gutxituen erabilera sustatzeko egitasmoen ebaluazioari buruzko mintegia egin zen, Aberystwyth-eko Unibertsitateak, Wiserd eta Galeseko Gizarte eta Politikarako Zentroak antolatuta. Nagusiki Gales, Eskozia eta Irlandako ikerlari eta profesionalei zuzendutako lantegian, ebaluazioari buruzko eztabaida eta hausnarketa egin da. Talde-lanera bideratutako hainbat saio izan dira, lurralde bakoitzeko...","og_url":"https:\/\/soziolinguistika.eus\/fr\/2019\/02\/28\/mintegia-galesen-gazteen-artean-hizkuntza-gutxituak-sustatzeko-ekimenen-ebaluazioa\/","og_site_name":"Soziolinguistika Klusterra","article_published_time":"2019-02-27T23:00:00+00:00","og_image":[{"width":480,"height":270,"url":"https:\/\/soziolinguistika.eus\/wp-content\/uploads\/2019\/02\/p1111171.jpg","type":"image\/jpeg"}],"author":"iametza","twitter_card":"summary_large_image","twitter_misc":{"\u00c9crit par":"iametza","Dur\u00e9e de lecture estim\u00e9e":"1 minute"},"schema":{"@context":"https:\/\/schema.org","@graph":[{"@type":"Article","@id":"https:\/\/soziolinguistika.eus\/fr\/2019\/02\/28\/mintegia-galesen-gazteen-artean-hizkuntza-gutxituak-sustatzeko-ekimenen-ebaluazioa\/#article","isPartOf":{"@id":"https:\/\/soziolinguistika.eus\/fr\/2019\/02\/28\/mintegia-galesen-gazteen-artean-hizkuntza-gutxituak-sustatzeko-ekimenen-ebaluazioa\/"},"author":{"name":"iametza","@id":"https:\/\/soziolinguistika.eus\/fr\/#\/schema\/person\/70ce1538f9076eebb62776b06a37778e"},"headline":"Mintegia Galesen: gazteen artean hizkuntza gutxituak sustatzeko ekimenen ebaluazioa","datePublished":"2019-02-27T23:00:00+00:00","mainEntityOfPage":{"@id":"https:\/\/soziolinguistika.eus\/fr\/2019\/02\/28\/mintegia-galesen-gazteen-artean-hizkuntza-gutxituak-sustatzeko-ekimenen-ebaluazioa\/"},"wordCount":110,"commentCount":0,"image":{"@id":"https:\/\/soziolinguistika.eus\/fr\/2019\/02\/28\/mintegia-galesen-gazteen-artean-hizkuntza-gutxituak-sustatzeko-ekimenen-ebaluazioa\/#primaryimage"},"thumbnailUrl":"https:\/\/soziolinguistika.eus\/wp-content\/uploads\/2019\/02\/p1111171.jpg","inLanguage":"fr-FR","potentialAction":[{"@type":"CommentAction","name":"Comment","target":["https:\/\/soziolinguistika.eus\/fr\/2019\/02\/28\/mintegia-galesen-gazteen-artean-hizkuntza-gutxituak-sustatzeko-ekimenen-ebaluazioa\/#respond"]}]},{"@type":"WebPage","@id":"https:\/\/soziolinguistika.eus\/fr\/2019\/02\/28\/mintegia-galesen-gazteen-artean-hizkuntza-gutxituak-sustatzeko-ekimenen-ebaluazioa\/","url":"https:\/\/soziolinguistika.eus\/fr\/2019\/02\/28\/mintegia-galesen-gazteen-artean-hizkuntza-gutxituak-sustatzeko-ekimenen-ebaluazioa\/","name":"Mintegia Galesen: gazteen artean hizkuntza gutxituak sustatzeko ekimenen ebaluazioa - Soziolinguistika Klusterra","isPartOf":{"@id":"https:\/\/soziolinguistika.eus\/fr\/#website"},"primaryImageOfPage":{"@id":"https:\/\/soziolinguistika.eus\/fr\/2019\/02\/28\/mintegia-galesen-gazteen-artean-hizkuntza-gutxituak-sustatzeko-ekimenen-ebaluazioa\/#primaryimage"},"image":{"@id":"https:\/\/soziolinguistika.eus\/fr\/2019\/02\/28\/mintegia-galesen-gazteen-artean-hizkuntza-gutxituak-sustatzeko-ekimenen-ebaluazioa\/#primaryimage"},"thumbnailUrl":"https:\/\/soziolinguistika.eus\/wp-content\/uploads\/2019\/02\/p1111171.jpg","datePublished":"2019-02-27T23:00:00+00:00","author":{"@id":"https:\/\/soziolinguistika.eus\/fr\/#\/schema\/person\/70ce1538f9076eebb62776b06a37778e"},"breadcrumb":{"@id":"https:\/\/soziolinguistika.eus\/fr\/2019\/02\/28\/mintegia-galesen-gazteen-artean-hizkuntza-gutxituak-sustatzeko-ekimenen-ebaluazioa\/#breadcrumb"},"inLanguage":"fr-FR","potentialAction":[{"@type":"ReadAction","target":["https:\/\/soziolinguistika.eus\/fr\/2019\/02\/28\/mintegia-galesen-gazteen-artean-hizkuntza-gutxituak-sustatzeko-ekimenen-ebaluazioa\/"]}]},{"@type":"ImageObject","inLanguage":"fr-FR","@id":"https:\/\/soziolinguistika.eus\/fr\/2019\/02\/28\/mintegia-galesen-gazteen-artean-hizkuntza-gutxituak-sustatzeko-ekimenen-ebaluazioa\/#primaryimage","url":"https:\/\/soziolinguistika.eus\/wp-content\/uploads\/2019\/02\/p1111171.jpg","contentUrl":"https:\/\/soziolinguistika.eus\/wp-content\/uploads\/2019\/02\/p1111171.jpg","width":480,"height":270},{"@type":"BreadcrumbList","@id":"https:\/\/soziolinguistika.eus\/fr\/2019\/02\/28\/mintegia-galesen-gazteen-artean-hizkuntza-gutxituak-sustatzeko-ekimenen-ebaluazioa\/#breadcrumb","itemListElement":[{"@type":"ListItem","position":1,"name":"Soziolinguistika klusterra","item":"https:\/\/soziolinguistika.eus\/fr\/"},{"@type":"ListItem","position":2,"name":"Mintegia Galesen: gazteen artean hizkuntza gutxituak sustatzeko ekimenen ebaluazioa"}]},{"@type":"WebSite","@id":"https:\/\/soziolinguistika.eus\/fr\/#website","url":"https:\/\/soziolinguistika.eus\/fr\/","name":"Soziolinguistika Klusterra","description":"Euskara biziberritzeko ikergunea","potentialAction":[{"@type":"SearchAction","target":{"@type":"EntryPoint","urlTemplate":"https:\/\/soziolinguistika.eus\/fr\/?s={search_term_string}"},"query-input":{"@type":"PropertyValueSpecification","valueRequired":true,"valueName":"search_term_string"}}],"inLanguage":"fr-FR"},{"@type":"Person","@id":"https:\/\/soziolinguistika.eus\/fr\/#\/schema\/person\/70ce1538f9076eebb62776b06a37778e","name":"iametza","image":{"@type":"ImageObject","inLanguage":"fr-FR","@id":"https:\/\/secure.gravatar.com\/avatar\/d540deee73a89d6d724e7b25b2527e1e2122a11cbb7d772df60255f40a336172?s=96&d=mm&r=g","url":"https:\/\/secure.gravatar.com\/avatar\/d540deee73a89d6d724e7b25b2527e1e2122a11cbb7d772df60255f40a336172?s=96&d=mm&r=g","contentUrl":"https:\/\/secure.gravatar.com\/avatar\/d540deee73a89d6d724e7b25b2527e1e2122a11cbb7d772df60255f40a336172?s=96&d=mm&r=g","caption":"iametza"},"url":"https:\/\/soziolinguistika.eus\/fr\/author\/iametza\/"}]}},"_links":{"self":[{"href":"https:\/\/soziolinguistika.eus\/fr\/wp-json\/wp\/v2\/posts\/12583","targetHints":{"allow":["GET"]}}],"collection":[{"href":"https:\/\/soziolinguistika.eus\/fr\/wp-json\/wp\/v2\/posts"}],"about":[{"href":"https:\/\/soziolinguistika.eus\/fr\/wp-json\/wp\/v2\/types\/post"}],"author":[{"embeddable":true,"href":"https:\/\/soziolinguistika.eus\/fr\/wp-json\/wp\/v2\/users\/1"}],"replies":[{"embeddable":true,"href":"https:\/\/soziolinguistika.eus\/fr\/wp-json\/wp\/v2\/comments?post=12583"}],"version-history":[{"count":0,"href":"https:\/\/soziolinguistika.eus\/fr\/wp-json\/wp\/v2\/posts\/12583\/revisions"}],"wp:featuredmedia":[{"embeddable":true,"href":"https:\/\/soziolinguistika.eus\/fr\/wp-json\/wp\/v2\/media\/10663"}],"wp:attachment":[{"href":"https:\/\/soziolinguistika.eus\/fr\/wp-json\/wp\/v2\/media?parent=12583"}],"wp:term":[{"taxonomy":"category","embeddable":true,"href":"https:\/\/soziolinguistika.eus\/fr\/wp-json\/wp\/v2\/categories?post=12583"},{"taxonomy":"post_tag","embeddable":true,"href":"https:\/\/soziolinguistika.eus\/fr\/wp-json\/wp\/v2\/tags?post=12583"}],"curies":[{"name":"wp","href":"https:\/\/api.w.org\/{rel}","templated":true}]}}