{"id":12589,"date":"2019-02-25T00:00:00","date_gmt":"2019-02-24T23:00:00","guid":{"rendered":"https:\/\/soziolinguistika.eus\/2019\/02\/25\/hizkuntza-berrikuntzarako-laborategi-kooperatiboa\/"},"modified":"2019-02-25T00:00:00","modified_gmt":"2019-02-24T23:00:00","slug":"hizkuntza-berrikuntzarako-laborategi-kooperatiboa","status":"publish","type":"post","link":"https:\/\/soziolinguistika.eus\/fr\/2019\/02\/25\/hizkuntza-berrikuntzarako-laborategi-kooperatiboa\/","title":{"rendered":"Hizkuntza Berrikuntzarako Laborategi Kooperatiboa"},"content":{"rendered":"<p><em>Gipuzkoako Foru Aldundiaren Etorkizuna Eraikiz egitasmoaren barruan garatzen dihardute proiektua elkarlanean Elhuyarrek, Emunek, Langunek eta Soziolinguistika Klusterrak<\/em><\/p>\n<p><!--more--><\/p>\n<p class=\"rtejustify\">Gipuzkoako diputatu nagusiak, Markel Olanok, lankidetza proiektua aurkeztu dute Elhuyar Fundazioaren, Emun Aholkularitzaren, Langune Elkartearen eta Soziolinguistika Klusterraren ordezkariekin batera, zeinetan adostu duten euskararen sustapena eta hizkuntza berrikuntza uztartuko dituen proiektu kolaboratibo eta esperimentala abian jartzea. Hizkuntza Berrikuntzarako Laborategi Kooperatiboaren proiektua Etorkizuna Eraikiz egitasmoaren barruan kokatuko da eta helburu izango du \u201ceuskal gizarteko sektore desberdinetan proiektu berritzaileak\u201d sorrarazi eta bultzatzea, egungo \u201ctestuinguru eleanitzean\u201d euskara bilakatu dadin alor horietako komunikatzeko hizkuntza nagusi.<\/p>\n<p class=\"rtejustify\">Etorkizuna Eraikiz Gunean egindako bilkuran parte hartu dute gaur, diputatu nagusiaz gain, Leire Canciok, Elhuyar Fundazioko zuzendari nagusiak; Olatz Olasok, Emun Aholkularitzako zuzendariak; Imanol Urbietak, Langune Elkarteko ordezkariak, eta Imanol Larreak, Soziolinguistika Klusterreko zuzendariak.<\/p>\n<p class=\"rtejustify\">Ibili proiektuaren jatorria Hizkuntza Berdintasuneko foru zuzendaritzak legealdi hasieran bultzatutako partaidetza prozesuan bilatu behar da. <em>Zer egin behar dugu desberdin eraginkorragoak izateko?<\/em> galderari erantzun bat bilatu nahirik, euskalgintzako erakunde eta ordezkariek euskararentzako aukera berriak irudikatu eta garatu dituzte 2016az geroztik. Prozesu horretan, besteak beste, euskararen biziberritzerako \u201cberrikuntza palankak\u201d izan zitezkeen eremuak identifikatu dituzte parte-hartzaileek. Lan horrek guztiak azken hilabeteotan Etorkizuna Eraikiz egitasmoarekin egin du bat eta, eragileak beren proposamenak aurkeztu eta eztabaidatu ondoren, laborategia gauzatzeko ideia hezurmamitu da. Orain dela bi aste egindako Euskararen Foroan proiektua aurkeztu eta partekatu dute, baita ere.&nbsp;<\/p>\n<p class=\"rtejustify\">Izaera kooperatiboa edukiko du laborategi honek,&nbsp; unibertsitate, zentro teknologiko, ikergune, aholkularitza, eragile eta enpresen arteko \u201celkarlana bultzatuko duen gune ireki eta dinamiko\u201d gisa. Laborategitik aterako diren proiektuek euskararen biziberritzean \u201cinpaktu esanguratsua\u201d izatea bilatuko dute erakunde sustatzaileek, betiere Euskal Herriko zein kanpoko esperientzia aurreratuak kontuan izanda. Bestalde, euskararen erabilera bultzatzeko lanean \u201corain arte modu estrategikoan\u201d landu ez diren alorrak landuko dira eta, gainera, ezinbestean, \u201cteknologia izango du ardatz\u201d.<\/p>\n<p class=\"rtejustify\">Gipuzkoako Foru Aldundiak 100.000 euro bideratuko ditu proiektuaren garapenerako. 2019ko lehen seihilabetekoan egitura, helburuak eta funtzionamendua zehaztuko dira; ondoren, laborategia martxan jarriko da sormen eta aukeratze fasean garatuz. Fase horiek gauzatzeko Mondragon Unibertsitateko adituekin elkarlanean jardungo dute Elhuyar Fundazioak, Emun Aholkularitzak, Langune Elkarteak eta Soziolinguistika Klusterrak.<\/p>\n<p class=\"rtejustify\">Egindako bide osoaren \u201cgarrantzia\u201d azpimarratu du Markel Olanok. \u201cLegealdi hasieratik adierazi izan dugu euskalgintzarekin egiten genuen diagnosi partekatua, euskararen biziberritze prozesua bidegurutze batean dagoela, alegia. Trantze horretan aurrera egiteko norabidea, berriz, gizarte eragileekin lankidetzaren bitartez definitzen saiatu gara\u201d, adierazi du. Bide horrek, nabarmendu duenez, \u201cemaitza zehatzak\u201d ere ekarri ditu eta horietako bat izango da proiektu honen sorrera. \u201cBidegurutze horretan aurrera egiteko bi osagarri garrantzitsu batzen ditu laborategiak: berrikuntza eta elkarlana. Etorkizunean ere euskararen sustapena modu berritzailean garatu ahal izateko egitasmoak bultzatuko ditu Ibilik\u201d, laburbildu du.<\/p>\n<p><a class=\"colorbox colorbox-insert-image\" data-colorbox-gallery=\"gallery-all\" ref=\"magnificPopup\" href=\"https:\/\/soziolinguistika.eus\/wp-content\/uploads\/2019\/02\/ibili2028129txiki.jpg\"><img loading=\"lazy\" decoding=\"async\" class=\" size-full wp-image-5395\" alt=\"\" class=\"image-large\" height=\"324\" src=\"https:\/\/soziolinguistika.eus\/wp-content\/uploads\/2019\/02\/ibili2028129txiki.jpg\" width=\"480\" \/> <\/a><\/p>\n","protected":false},"excerpt":{"rendered":"<p>Gipuzkoako Foru Aldundiaren Etorkizuna Eraikiz egitasmoaren barruan garatzen dihardute proiektua elkarlanean Elhuyarrek, Emunek, Langunek eta Soziolinguistika Klusterrak<\/p>\n","protected":false},"author":1,"featured_media":10688,"comment_status":"open","ping_status":"open","sticky":false,"template":"","format":"standard","meta":{"_acf_changed":false,"footnotes":""},"categories":[],"tags":[],"class_list":["post-12589","post","type-post","status-publish","format-standard","has-post-thumbnail","hentry"],"acf":[],"yoast_head":"<!-- This site is optimized with the Yoast SEO plugin v27.3 - https:\/\/yoast.com\/product\/yoast-seo-wordpress\/ -->\n<title>Hizkuntza Berrikuntzarako Laborategi Kooperatiboa - Soziolinguistika Klusterra<\/title>\n<meta name=\"robots\" content=\"index, follow, max-snippet:-1, max-image-preview:large, max-video-preview:-1\" \/>\n<link rel=\"canonical\" href=\"https:\/\/soziolinguistika.eus\/fr\/2019\/02\/25\/hizkuntza-berrikuntzarako-laborategi-kooperatiboa\/\" \/>\n<meta property=\"og:locale\" content=\"fr_FR\" \/>\n<meta property=\"og:type\" content=\"article\" \/>\n<meta property=\"og:title\" content=\"Hizkuntza Berrikuntzarako Laborategi Kooperatiboa - Soziolinguistika Klusterra\" \/>\n<meta property=\"og:description\" content=\"Gipuzkoako Foru Aldundiaren Etorkizuna Eraikiz egitasmoaren barruan garatzen dihardute proiektua elkarlanean Elhuyarrek, Emunek, Langunek eta Soziolinguistika Klusterrak\" \/>\n<meta property=\"og:url\" content=\"https:\/\/soziolinguistika.eus\/fr\/2019\/02\/25\/hizkuntza-berrikuntzarako-laborategi-kooperatiboa\/\" \/>\n<meta property=\"og:site_name\" content=\"Soziolinguistika Klusterra\" \/>\n<meta property=\"article:published_time\" content=\"2019-02-24T23:00:00+00:00\" \/>\n<meta property=\"og:image\" content=\"https:\/\/soziolinguistika.eus\/wp-content\/uploads\/2019\/02\/ibili2028129txiki.jpg\" \/>\n\t<meta property=\"og:image:width\" content=\"480\" \/>\n\t<meta property=\"og:image:height\" content=\"324\" \/>\n\t<meta property=\"og:image:type\" content=\"image\/jpeg\" \/>\n<meta name=\"author\" content=\"iametza\" \/>\n<meta name=\"twitter:card\" content=\"summary_large_image\" \/>\n<meta name=\"twitter:label1\" content=\"\u00c9crit par\" \/>\n\t<meta name=\"twitter:data1\" content=\"iametza\" \/>\n\t<meta name=\"twitter:label2\" content=\"Dur\u00e9e de lecture estim\u00e9e\" \/>\n\t<meta name=\"twitter:data2\" content=\"2 minutes\" \/>\n<script type=\"application\/ld+json\" class=\"yoast-schema-graph\">{\"@context\":\"https:\\\/\\\/schema.org\",\"@graph\":[{\"@type\":\"Article\",\"@id\":\"https:\\\/\\\/soziolinguistika.eus\\\/fr\\\/2019\\\/02\\\/25\\\/hizkuntza-berrikuntzarako-laborategi-kooperatiboa\\\/#article\",\"isPartOf\":{\"@id\":\"https:\\\/\\\/soziolinguistika.eus\\\/fr\\\/2019\\\/02\\\/25\\\/hizkuntza-berrikuntzarako-laborategi-kooperatiboa\\\/\"},\"author\":{\"name\":\"iametza\",\"@id\":\"https:\\\/\\\/soziolinguistika.eus\\\/fr\\\/#\\\/schema\\\/person\\\/70ce1538f9076eebb62776b06a37778e\"},\"headline\":\"Hizkuntza Berrikuntzarako Laborategi Kooperatiboa\",\"datePublished\":\"2019-02-24T23:00:00+00:00\",\"mainEntityOfPage\":{\"@id\":\"https:\\\/\\\/soziolinguistika.eus\\\/fr\\\/2019\\\/02\\\/25\\\/hizkuntza-berrikuntzarako-laborategi-kooperatiboa\\\/\"},\"wordCount\":417,\"commentCount\":0,\"image\":{\"@id\":\"https:\\\/\\\/soziolinguistika.eus\\\/fr\\\/2019\\\/02\\\/25\\\/hizkuntza-berrikuntzarako-laborategi-kooperatiboa\\\/#primaryimage\"},\"thumbnailUrl\":\"https:\\\/\\\/soziolinguistika.eus\\\/wp-content\\\/uploads\\\/2019\\\/02\\\/ibili2028129txiki.jpg\",\"inLanguage\":\"fr-FR\",\"potentialAction\":[{\"@type\":\"CommentAction\",\"name\":\"Comment\",\"target\":[\"https:\\\/\\\/soziolinguistika.eus\\\/fr\\\/2019\\\/02\\\/25\\\/hizkuntza-berrikuntzarako-laborategi-kooperatiboa\\\/#respond\"]}]},{\"@type\":\"WebPage\",\"@id\":\"https:\\\/\\\/soziolinguistika.eus\\\/fr\\\/2019\\\/02\\\/25\\\/hizkuntza-berrikuntzarako-laborategi-kooperatiboa\\\/\",\"url\":\"https:\\\/\\\/soziolinguistika.eus\\\/fr\\\/2019\\\/02\\\/25\\\/hizkuntza-berrikuntzarako-laborategi-kooperatiboa\\\/\",\"name\":\"Hizkuntza Berrikuntzarako Laborategi Kooperatiboa - Soziolinguistika Klusterra\",\"isPartOf\":{\"@id\":\"https:\\\/\\\/soziolinguistika.eus\\\/fr\\\/#website\"},\"primaryImageOfPage\":{\"@id\":\"https:\\\/\\\/soziolinguistika.eus\\\/fr\\\/2019\\\/02\\\/25\\\/hizkuntza-berrikuntzarako-laborategi-kooperatiboa\\\/#primaryimage\"},\"image\":{\"@id\":\"https:\\\/\\\/soziolinguistika.eus\\\/fr\\\/2019\\\/02\\\/25\\\/hizkuntza-berrikuntzarako-laborategi-kooperatiboa\\\/#primaryimage\"},\"thumbnailUrl\":\"https:\\\/\\\/soziolinguistika.eus\\\/wp-content\\\/uploads\\\/2019\\\/02\\\/ibili2028129txiki.jpg\",\"datePublished\":\"2019-02-24T23:00:00+00:00\",\"author\":{\"@id\":\"https:\\\/\\\/soziolinguistika.eus\\\/fr\\\/#\\\/schema\\\/person\\\/70ce1538f9076eebb62776b06a37778e\"},\"breadcrumb\":{\"@id\":\"https:\\\/\\\/soziolinguistika.eus\\\/fr\\\/2019\\\/02\\\/25\\\/hizkuntza-berrikuntzarako-laborategi-kooperatiboa\\\/#breadcrumb\"},\"inLanguage\":\"fr-FR\",\"potentialAction\":[{\"@type\":\"ReadAction\",\"target\":[\"https:\\\/\\\/soziolinguistika.eus\\\/fr\\\/2019\\\/02\\\/25\\\/hizkuntza-berrikuntzarako-laborategi-kooperatiboa\\\/\"]}]},{\"@type\":\"ImageObject\",\"inLanguage\":\"fr-FR\",\"@id\":\"https:\\\/\\\/soziolinguistika.eus\\\/fr\\\/2019\\\/02\\\/25\\\/hizkuntza-berrikuntzarako-laborategi-kooperatiboa\\\/#primaryimage\",\"url\":\"https:\\\/\\\/soziolinguistika.eus\\\/wp-content\\\/uploads\\\/2019\\\/02\\\/ibili2028129txiki.jpg\",\"contentUrl\":\"https:\\\/\\\/soziolinguistika.eus\\\/wp-content\\\/uploads\\\/2019\\\/02\\\/ibili2028129txiki.jpg\",\"width\":480,\"height\":324},{\"@type\":\"BreadcrumbList\",\"@id\":\"https:\\\/\\\/soziolinguistika.eus\\\/fr\\\/2019\\\/02\\\/25\\\/hizkuntza-berrikuntzarako-laborategi-kooperatiboa\\\/#breadcrumb\",\"itemListElement\":[{\"@type\":\"ListItem\",\"position\":1,\"name\":\"Soziolinguistika klusterra\",\"item\":\"https:\\\/\\\/soziolinguistika.eus\\\/fr\\\/\"},{\"@type\":\"ListItem\",\"position\":2,\"name\":\"Hizkuntza Berrikuntzarako Laborategi Kooperatiboa\"}]},{\"@type\":\"WebSite\",\"@id\":\"https:\\\/\\\/soziolinguistika.eus\\\/fr\\\/#website\",\"url\":\"https:\\\/\\\/soziolinguistika.eus\\\/fr\\\/\",\"name\":\"Soziolinguistika Klusterra\",\"description\":\"Euskara biziberritzeko ikergunea\",\"potentialAction\":[{\"@type\":\"SearchAction\",\"target\":{\"@type\":\"EntryPoint\",\"urlTemplate\":\"https:\\\/\\\/soziolinguistika.eus\\\/fr\\\/?s={search_term_string}\"},\"query-input\":{\"@type\":\"PropertyValueSpecification\",\"valueRequired\":true,\"valueName\":\"search_term_string\"}}],\"inLanguage\":\"fr-FR\"},{\"@type\":\"Person\",\"@id\":\"https:\\\/\\\/soziolinguistika.eus\\\/fr\\\/#\\\/schema\\\/person\\\/70ce1538f9076eebb62776b06a37778e\",\"name\":\"iametza\",\"image\":{\"@type\":\"ImageObject\",\"inLanguage\":\"fr-FR\",\"@id\":\"https:\\\/\\\/secure.gravatar.com\\\/avatar\\\/d540deee73a89d6d724e7b25b2527e1e2122a11cbb7d772df60255f40a336172?s=96&d=mm&r=g\",\"url\":\"https:\\\/\\\/secure.gravatar.com\\\/avatar\\\/d540deee73a89d6d724e7b25b2527e1e2122a11cbb7d772df60255f40a336172?s=96&d=mm&r=g\",\"contentUrl\":\"https:\\\/\\\/secure.gravatar.com\\\/avatar\\\/d540deee73a89d6d724e7b25b2527e1e2122a11cbb7d772df60255f40a336172?s=96&d=mm&r=g\",\"caption\":\"iametza\"},\"url\":\"https:\\\/\\\/soziolinguistika.eus\\\/fr\\\/author\\\/iametza\\\/\"}]}<\/script>\n<!-- \/ Yoast SEO plugin. -->","yoast_head_json":{"title":"Hizkuntza Berrikuntzarako Laborategi Kooperatiboa - Soziolinguistika Klusterra","robots":{"index":"index","follow":"follow","max-snippet":"max-snippet:-1","max-image-preview":"max-image-preview:large","max-video-preview":"max-video-preview:-1"},"canonical":"https:\/\/soziolinguistika.eus\/fr\/2019\/02\/25\/hizkuntza-berrikuntzarako-laborategi-kooperatiboa\/","og_locale":"fr_FR","og_type":"article","og_title":"Hizkuntza Berrikuntzarako Laborategi Kooperatiboa - Soziolinguistika Klusterra","og_description":"Gipuzkoako Foru Aldundiaren Etorkizuna Eraikiz egitasmoaren barruan garatzen dihardute proiektua elkarlanean Elhuyarrek, Emunek, Langunek eta Soziolinguistika Klusterrak","og_url":"https:\/\/soziolinguistika.eus\/fr\/2019\/02\/25\/hizkuntza-berrikuntzarako-laborategi-kooperatiboa\/","og_site_name":"Soziolinguistika Klusterra","article_published_time":"2019-02-24T23:00:00+00:00","og_image":[{"width":480,"height":324,"url":"https:\/\/soziolinguistika.eus\/wp-content\/uploads\/2019\/02\/ibili2028129txiki.jpg","type":"image\/jpeg"}],"author":"iametza","twitter_card":"summary_large_image","twitter_misc":{"\u00c9crit par":"iametza","Dur\u00e9e de lecture estim\u00e9e":"2 minutes"},"schema":{"@context":"https:\/\/schema.org","@graph":[{"@type":"Article","@id":"https:\/\/soziolinguistika.eus\/fr\/2019\/02\/25\/hizkuntza-berrikuntzarako-laborategi-kooperatiboa\/#article","isPartOf":{"@id":"https:\/\/soziolinguistika.eus\/fr\/2019\/02\/25\/hizkuntza-berrikuntzarako-laborategi-kooperatiboa\/"},"author":{"name":"iametza","@id":"https:\/\/soziolinguistika.eus\/fr\/#\/schema\/person\/70ce1538f9076eebb62776b06a37778e"},"headline":"Hizkuntza Berrikuntzarako Laborategi Kooperatiboa","datePublished":"2019-02-24T23:00:00+00:00","mainEntityOfPage":{"@id":"https:\/\/soziolinguistika.eus\/fr\/2019\/02\/25\/hizkuntza-berrikuntzarako-laborategi-kooperatiboa\/"},"wordCount":417,"commentCount":0,"image":{"@id":"https:\/\/soziolinguistika.eus\/fr\/2019\/02\/25\/hizkuntza-berrikuntzarako-laborategi-kooperatiboa\/#primaryimage"},"thumbnailUrl":"https:\/\/soziolinguistika.eus\/wp-content\/uploads\/2019\/02\/ibili2028129txiki.jpg","inLanguage":"fr-FR","potentialAction":[{"@type":"CommentAction","name":"Comment","target":["https:\/\/soziolinguistika.eus\/fr\/2019\/02\/25\/hizkuntza-berrikuntzarako-laborategi-kooperatiboa\/#respond"]}]},{"@type":"WebPage","@id":"https:\/\/soziolinguistika.eus\/fr\/2019\/02\/25\/hizkuntza-berrikuntzarako-laborategi-kooperatiboa\/","url":"https:\/\/soziolinguistika.eus\/fr\/2019\/02\/25\/hizkuntza-berrikuntzarako-laborategi-kooperatiboa\/","name":"Hizkuntza Berrikuntzarako Laborategi Kooperatiboa - Soziolinguistika Klusterra","isPartOf":{"@id":"https:\/\/soziolinguistika.eus\/fr\/#website"},"primaryImageOfPage":{"@id":"https:\/\/soziolinguistika.eus\/fr\/2019\/02\/25\/hizkuntza-berrikuntzarako-laborategi-kooperatiboa\/#primaryimage"},"image":{"@id":"https:\/\/soziolinguistika.eus\/fr\/2019\/02\/25\/hizkuntza-berrikuntzarako-laborategi-kooperatiboa\/#primaryimage"},"thumbnailUrl":"https:\/\/soziolinguistika.eus\/wp-content\/uploads\/2019\/02\/ibili2028129txiki.jpg","datePublished":"2019-02-24T23:00:00+00:00","author":{"@id":"https:\/\/soziolinguistika.eus\/fr\/#\/schema\/person\/70ce1538f9076eebb62776b06a37778e"},"breadcrumb":{"@id":"https:\/\/soziolinguistika.eus\/fr\/2019\/02\/25\/hizkuntza-berrikuntzarako-laborategi-kooperatiboa\/#breadcrumb"},"inLanguage":"fr-FR","potentialAction":[{"@type":"ReadAction","target":["https:\/\/soziolinguistika.eus\/fr\/2019\/02\/25\/hizkuntza-berrikuntzarako-laborategi-kooperatiboa\/"]}]},{"@type":"ImageObject","inLanguage":"fr-FR","@id":"https:\/\/soziolinguistika.eus\/fr\/2019\/02\/25\/hizkuntza-berrikuntzarako-laborategi-kooperatiboa\/#primaryimage","url":"https:\/\/soziolinguistika.eus\/wp-content\/uploads\/2019\/02\/ibili2028129txiki.jpg","contentUrl":"https:\/\/soziolinguistika.eus\/wp-content\/uploads\/2019\/02\/ibili2028129txiki.jpg","width":480,"height":324},{"@type":"BreadcrumbList","@id":"https:\/\/soziolinguistika.eus\/fr\/2019\/02\/25\/hizkuntza-berrikuntzarako-laborategi-kooperatiboa\/#breadcrumb","itemListElement":[{"@type":"ListItem","position":1,"name":"Soziolinguistika klusterra","item":"https:\/\/soziolinguistika.eus\/fr\/"},{"@type":"ListItem","position":2,"name":"Hizkuntza Berrikuntzarako Laborategi Kooperatiboa"}]},{"@type":"WebSite","@id":"https:\/\/soziolinguistika.eus\/fr\/#website","url":"https:\/\/soziolinguistika.eus\/fr\/","name":"Soziolinguistika Klusterra","description":"Euskara biziberritzeko ikergunea","potentialAction":[{"@type":"SearchAction","target":{"@type":"EntryPoint","urlTemplate":"https:\/\/soziolinguistika.eus\/fr\/?s={search_term_string}"},"query-input":{"@type":"PropertyValueSpecification","valueRequired":true,"valueName":"search_term_string"}}],"inLanguage":"fr-FR"},{"@type":"Person","@id":"https:\/\/soziolinguistika.eus\/fr\/#\/schema\/person\/70ce1538f9076eebb62776b06a37778e","name":"iametza","image":{"@type":"ImageObject","inLanguage":"fr-FR","@id":"https:\/\/secure.gravatar.com\/avatar\/d540deee73a89d6d724e7b25b2527e1e2122a11cbb7d772df60255f40a336172?s=96&d=mm&r=g","url":"https:\/\/secure.gravatar.com\/avatar\/d540deee73a89d6d724e7b25b2527e1e2122a11cbb7d772df60255f40a336172?s=96&d=mm&r=g","contentUrl":"https:\/\/secure.gravatar.com\/avatar\/d540deee73a89d6d724e7b25b2527e1e2122a11cbb7d772df60255f40a336172?s=96&d=mm&r=g","caption":"iametza"},"url":"https:\/\/soziolinguistika.eus\/fr\/author\/iametza\/"}]}},"_links":{"self":[{"href":"https:\/\/soziolinguistika.eus\/fr\/wp-json\/wp\/v2\/posts\/12589","targetHints":{"allow":["GET"]}}],"collection":[{"href":"https:\/\/soziolinguistika.eus\/fr\/wp-json\/wp\/v2\/posts"}],"about":[{"href":"https:\/\/soziolinguistika.eus\/fr\/wp-json\/wp\/v2\/types\/post"}],"author":[{"embeddable":true,"href":"https:\/\/soziolinguistika.eus\/fr\/wp-json\/wp\/v2\/users\/1"}],"replies":[{"embeddable":true,"href":"https:\/\/soziolinguistika.eus\/fr\/wp-json\/wp\/v2\/comments?post=12589"}],"version-history":[{"count":0,"href":"https:\/\/soziolinguistika.eus\/fr\/wp-json\/wp\/v2\/posts\/12589\/revisions"}],"wp:featuredmedia":[{"embeddable":true,"href":"https:\/\/soziolinguistika.eus\/fr\/wp-json\/wp\/v2\/media\/10688"}],"wp:attachment":[{"href":"https:\/\/soziolinguistika.eus\/fr\/wp-json\/wp\/v2\/media?parent=12589"}],"wp:term":[{"taxonomy":"category","embeddable":true,"href":"https:\/\/soziolinguistika.eus\/fr\/wp-json\/wp\/v2\/categories?post=12589"},{"taxonomy":"post_tag","embeddable":true,"href":"https:\/\/soziolinguistika.eus\/fr\/wp-json\/wp\/v2\/tags?post=12589"}],"curies":[{"name":"wp","href":"https:\/\/api.w.org\/{rel}","templated":true}]}}